{"id":112,"date":"2019-03-06T07:55:08","date_gmt":"2019-03-06T07:55:08","guid":{"rendered":"https:\/\/hdzi.hr\/wpnew\/wp\/2019\/03\/06\/obiljezen-dan-inzenjera-2019\/"},"modified":"2019-03-06T07:55:08","modified_gmt":"2019-03-06T07:55:08","slug":"obiljezen-dan-inzenjera-2019-2","status":"publish","type":"post","link":"https:\/\/hdzi.hr\/wpnew\/?p=112","title":{"rendered":"OBILJE\u017dEN DAN IN\u017dENJERA 2019."},"content":{"rendered":"<p style=\"text-align: justify;\"><span style=\"color: #000000; font-family: Calibri; font-size: medium;\"><img loading=\"lazy\" decoding=\"async\" style=\"float: left; margin: 5px 10px 5px 10px;\" src=\"images\/prezentacijaWEB.jpg\" alt=\"\" width=\"436\" height=\"261\" \/><\/span><\/p>\n<p style=\"text-align: justify;\">Hrvatsko dru\u0161tvo \u017eeljezni\u010dkih in\u017eenjera i ove je godine obilje\u017eilo Dan in\u017eenjera RH, a prigodna sve\u010danost odr\u017eana je 28. velja\u010de u Klubu HD\u017dI-a u Zagrebu. Na\u0161e Dru\u0161tvo uklju\u010dilo se u obilje\u017eavanje Dana in\u017eenjera od samih po\u010detaka u cilju kvalitetnijeg prepoznavanja i priznavanja va\u017enosti in\u017eenjerskih struka, od kojih su mnoge u ve\u0107oj ili manjoj mjeri zastupljene unutar \u017eeljezni\u010dkog sektora te su uklju\u010dene i u \u010dlanstvo HD\u017dI-a. U sklopu obilje\u017eavanja Dana in\u017eenjera u suradnji s H\u017d Putni\u010dkim prijevozom organizirano je predstavljanje projekta Inter-Connect i Studije izvedivosti u funkciji definiranja metodologije za utvr\u0111ivanje tokova putnika izme\u0111u Zagreba i gradova jadranske obale. Projekt Inter-Connect financira se iz Europskog fonda za regionalni razvoji (ERDF) i IPA-e II u cilju promocije intermodalnog putni\u010dkog prijevoza i revitalizacije \u017eeljeznice u regijama ADRION (Jadransko-jonski prostor).<\/p>\n","protected":false},"excerpt":{"rendered":"<p>Hrvatsko dru\u0161tvo \u017eeljezni\u010dkih in\u017eenjera i ove je godine obilje\u017eilo Dan in\u017eenjera RH, a prigodna sve\u010danost odr\u017eana je 28. velja\u010de u Klubu HD\u017dI-a u Zagrebu. Na\u0161e Dru\u0161tvo uklju\u010dilo se u obilje\u017eavanje Dana in\u017eenjera od samih po\u010detaka u cilju kvalitetnijeg prepoznavanja i priznavanja va\u017enosti in\u017eenjerskih struka, od kojih su mnoge u ve\u0107oj ili manjoj mjeri zastupljene unutar [&hellip;]<\/p>\n","protected":false},"author":1,"featured_media":0,"comment_status":"open","ping_status":"open","sticky":false,"template":"","format":"standard","meta":{"_et_pb_use_builder":"","_et_pb_old_content":"","_et_gb_content_width":"","footnotes":""},"categories":[18],"tags":[],"class_list":["post-112","post","type-post","status-publish","format-standard","hentry","category-arhivanovosti"],"_links":{"self":[{"href":"https:\/\/hdzi.hr\/wpnew\/index.php?rest_route=\/wp\/v2\/posts\/112","targetHints":{"allow":["GET"]}}],"collection":[{"href":"https:\/\/hdzi.hr\/wpnew\/index.php?rest_route=\/wp\/v2\/posts"}],"about":[{"href":"https:\/\/hdzi.hr\/wpnew\/index.php?rest_route=\/wp\/v2\/types\/post"}],"author":[{"embeddable":true,"href":"https:\/\/hdzi.hr\/wpnew\/index.php?rest_route=\/wp\/v2\/users\/1"}],"replies":[{"embeddable":true,"href":"https:\/\/hdzi.hr\/wpnew\/index.php?rest_route=%2Fwp%2Fv2%2Fcomments&post=112"}],"version-history":[{"count":0,"href":"https:\/\/hdzi.hr\/wpnew\/index.php?rest_route=\/wp\/v2\/posts\/112\/revisions"}],"wp:attachment":[{"href":"https:\/\/hdzi.hr\/wpnew\/index.php?rest_route=%2Fwp%2Fv2%2Fmedia&parent=112"}],"wp:term":[{"taxonomy":"category","embeddable":true,"href":"https:\/\/hdzi.hr\/wpnew\/index.php?rest_route=%2Fwp%2Fv2%2Fcategories&post=112"},{"taxonomy":"post_tag","embeddable":true,"href":"https:\/\/hdzi.hr\/wpnew\/index.php?rest_route=%2Fwp%2Fv2%2Ftags&post=112"}],"curies":[{"name":"wp","href":"https:\/\/api.w.org\/{rel}","templated":true}]}}