{"id":2015,"date":"2014-02-24T06:33:56","date_gmt":"2014-02-24T06:33:56","guid":{"rendered":"https:\/\/hdzi.hr\/wpnew\/wp\/2014\/02\/24\/odrzan-sabor-hdzi-a\/"},"modified":"2014-02-24T06:33:56","modified_gmt":"2014-02-24T06:33:56","slug":"odrzan-sabor-hdzi-a","status":"publish","type":"post","link":"https:\/\/hdzi.hr\/wpnew\/?p=2015","title":{"rendered":"Odr\u017ean Sabor HD\u017dI-a"},"content":{"rendered":"<p>Hrvatsko dru\u0161tvo \u017eeljezni\u010dkih in\u017eenjera HD\u017dI odr\u017ealo je 22.10.2013. godine u Zagrebu sabor Dru\u0161tva. Skup je okupio povjerenike iz gotovo svih HD\u017dI Povjereni\u0161tava iz raznih dijelova \u017eeljezni\u010dkog sustava i industrije.<\/p>\n<p>  <!--more-->  <\/p>\n<p>U uvodnom dijelu izlaganja usvojen je Poslovnik o radu sabora te su podnesena izvje\u0161\u0107a o dosada\u0161njem radu i poslovanju Dru\u0161tva. Potom se pristupilo dono\u0161enju izmjena i dopuna Statuta HD\u017dI, koje su usugla\u0161ene s aktualnim strukturnim i organizacijskim promjenama u \u017eeljezni\u010dkom sektoru. Uslijedio je izbor rukovodstva HD\u017dI, \u0161to uklju\u010duje Programsko vije\u0107e, Nadzorni odbor i Predsjedni\u0161tvo Dru\u0161tva, a za Predsjednika HD\u017dI je izabran mr. Tomislav Prpi\u0107.\u00a0\u00a0<\/p>\n<p>Na saboru je predstavljen i usvojen Program rada u predstoje\u0107em razdoblju u kome va\u017eno mjesto zauzima ja\u010danje suradnje unutar \u017eeljezni\u010dkog sektora, osobito unutar H\u017d sustava, rad na edukaciji i stru\u010dnom usavr\u0161avanju \u010dlanova, izdava\u010dka djelatnost putem ure\u0111ivanja stru\u010dnog \u010dasopisa <em>\u017deljeznice 21<\/em> i elektroni\u010dkih Internet i intranet stranica te regionalna suradnja s dru\u0161tvima \u017eeljezni\u010dke orijentacije u okru\u017eenju. Ovaj skup jo\u0161 jednom je potvrdio HD\u017dI kao vode\u0107u strukovnu udrugu \u017eeljezni\u010dkih in\u017eenjera unutar hrvatskog \u017eeljezni\u010dkog sektora.<\/p>\n<p>\u00a0<\/p>\n","protected":false},"excerpt":{"rendered":"<p>Hrvatsko dru\u0161tvo \u017eeljezni\u010dkih in\u017eenjera HD\u017dI odr\u017ealo je 22.10.2013. godine u Zagrebu sabor Dru\u0161tva. Skup je okupio povjerenike iz gotovo svih HD\u017dI Povjereni\u0161tava iz raznih dijelova \u017eeljezni\u010dkog sustava i industrije.<\/p>\n","protected":false},"author":1,"featured_media":0,"comment_status":"open","ping_status":"open","sticky":false,"template":"","format":"standard","meta":{"_et_pb_use_builder":"","_et_pb_old_content":"","_et_gb_content_width":"","footnotes":""},"categories":[18],"tags":[],"class_list":["post-2015","post","type-post","status-publish","format-standard","hentry","category-arhivanovosti"],"_links":{"self":[{"href":"https:\/\/hdzi.hr\/wpnew\/index.php?rest_route=\/wp\/v2\/posts\/2015","targetHints":{"allow":["GET"]}}],"collection":[{"href":"https:\/\/hdzi.hr\/wpnew\/index.php?rest_route=\/wp\/v2\/posts"}],"about":[{"href":"https:\/\/hdzi.hr\/wpnew\/index.php?rest_route=\/wp\/v2\/types\/post"}],"author":[{"embeddable":true,"href":"https:\/\/hdzi.hr\/wpnew\/index.php?rest_route=\/wp\/v2\/users\/1"}],"replies":[{"embeddable":true,"href":"https:\/\/hdzi.hr\/wpnew\/index.php?rest_route=%2Fwp%2Fv2%2Fcomments&post=2015"}],"version-history":[{"count":0,"href":"https:\/\/hdzi.hr\/wpnew\/index.php?rest_route=\/wp\/v2\/posts\/2015\/revisions"}],"wp:attachment":[{"href":"https:\/\/hdzi.hr\/wpnew\/index.php?rest_route=%2Fwp%2Fv2%2Fmedia&parent=2015"}],"wp:term":[{"taxonomy":"category","embeddable":true,"href":"https:\/\/hdzi.hr\/wpnew\/index.php?rest_route=%2Fwp%2Fv2%2Fcategories&post=2015"},{"taxonomy":"post_tag","embeddable":true,"href":"https:\/\/hdzi.hr\/wpnew\/index.php?rest_route=%2Fwp%2Fv2%2Ftags&post=2015"}],"curies":[{"name":"wp","href":"https:\/\/api.w.org\/{rel}","templated":true}]}}