{"id":2016,"date":"2014-02-24T06:38:31","date_gmt":"2014-02-24T06:38:31","guid":{"rendered":"https:\/\/hdzi.hr\/wpnew\/wp\/2014\/02\/24\/odrzan-sastanak-sa-drustvom-zid\/"},"modified":"2014-02-24T06:38:31","modified_gmt":"2014-02-24T06:38:31","slug":"odrzan-sastanak-sa-drustvom-zid","status":"publish","type":"post","link":"https:\/\/hdzi.hr\/wpnew\/?p=2016","title":{"rendered":"Odr\u017ean sastanak sa Dru\u0161tvom \u017dID"},"content":{"rendered":"<p>Dana 08.10.2013. odr\u017ean je radni sastanak predstavnika \u017deljezni\u010dkog in\u017eenjerskog dru\u0161tva \u017dID iz Novog Sada i Hrvatskog dru\u0161tva \u017eeljezni\u010dkih in\u017eenjera HD\u017dI.<\/p>\n<p>  <!--more-->  <\/p>\n<p>Sastanak je odr\u017ean u prostorima Kluba HD\u017dI u Zagrebu, a tema je bio razvoj me\u0111usobne suradnje dogovorene na pro\u0161logodi\u0161njem susretu. Razmatrana je mogu\u0107nost suradnje na podru\u010dju realizacije IPA projekata, edukacije i stru\u010dnog usavr\u0161avanja, organizacije stru\u010dnih skupova, kao i izdava\u010dke djelatnosti. Iskazan je obostrani interes za razmjenu iskustava i dostignu\u0107a u radu, obzirom da je \u017eeljezni\u010dka problematika kojom se bave HD\u017dI i \u017dID komplementarna, kao i problemi koje je potrebno rje\u0161avati.<\/p>\n<p>Istaknuto je da postoje velike mogu\u0107nosti za suradnju u pogledu razvoja projekata financiranih iz IPA fonda EU, te zajedni\u010dke organizacije stru\u010dnih skupova koji \u0107e uklju\u010divati i druga srodna dru\u0161tva u okru\u017eenju. Predstavnici \u017dID-a pohvalili su se svojim iskustvima na podru\u010dju edukacije, dok HD\u017dI ima zna\u010dajnih uspjeha u stru\u010dnom usavr\u0161avanju te izdava\u010dkoj djelatnosti izla\u017eenja stru\u010dnog \u010dasopisa \u017deljeznice 21, tako da postoje veliki potencijali za me\u0111usobnu suradnju i na tim podru\u010djima. Na kraju je zaklju\u010deno da treba nastaviti sa kontaktima kako bi se dogovorili konkretni zajedni\u010dki projekti.<\/p>\n<p style=\"margin: 0cm 0cm 0pt;\">\u00a0<\/p><\/p>\n","protected":false},"excerpt":{"rendered":"<p>Dana 08.10.2013. odr\u017ean je radni sastanak predstavnika \u017deljezni\u010dkog in\u017eenjerskog dru\u0161tva \u017dID iz Novog Sada i Hrvatskog dru\u0161tva \u017eeljezni\u010dkih in\u017eenjera HD\u017dI.<\/p>\n","protected":false},"author":1,"featured_media":0,"comment_status":"open","ping_status":"open","sticky":false,"template":"","format":"standard","meta":{"_et_pb_use_builder":"","_et_pb_old_content":"","_et_gb_content_width":"","footnotes":""},"categories":[18],"tags":[],"class_list":["post-2016","post","type-post","status-publish","format-standard","hentry","category-arhivanovosti"],"_links":{"self":[{"href":"https:\/\/hdzi.hr\/wpnew\/index.php?rest_route=\/wp\/v2\/posts\/2016","targetHints":{"allow":["GET"]}}],"collection":[{"href":"https:\/\/hdzi.hr\/wpnew\/index.php?rest_route=\/wp\/v2\/posts"}],"about":[{"href":"https:\/\/hdzi.hr\/wpnew\/index.php?rest_route=\/wp\/v2\/types\/post"}],"author":[{"embeddable":true,"href":"https:\/\/hdzi.hr\/wpnew\/index.php?rest_route=\/wp\/v2\/users\/1"}],"replies":[{"embeddable":true,"href":"https:\/\/hdzi.hr\/wpnew\/index.php?rest_route=%2Fwp%2Fv2%2Fcomments&post=2016"}],"version-history":[{"count":0,"href":"https:\/\/hdzi.hr\/wpnew\/index.php?rest_route=\/wp\/v2\/posts\/2016\/revisions"}],"wp:attachment":[{"href":"https:\/\/hdzi.hr\/wpnew\/index.php?rest_route=%2Fwp%2Fv2%2Fmedia&parent=2016"}],"wp:term":[{"taxonomy":"category","embeddable":true,"href":"https:\/\/hdzi.hr\/wpnew\/index.php?rest_route=%2Fwp%2Fv2%2Fcategories&post=2016"},{"taxonomy":"post_tag","embeddable":true,"href":"https:\/\/hdzi.hr\/wpnew\/index.php?rest_route=%2Fwp%2Fv2%2Ftags&post=2016"}],"curies":[{"name":"wp","href":"https:\/\/api.w.org\/{rel}","templated":true}]}}