{"id":2017,"date":"2014-02-24T06:42:12","date_gmt":"2014-02-24T06:42:12","guid":{"rendered":"https:\/\/hdzi.hr\/wpnew\/wp\/2014\/02\/24\/strucna-rasprava-denivelacija-zeljeznicke-pruge-u-zagrebu\/"},"modified":"2014-02-24T06:42:12","modified_gmt":"2014-02-24T06:42:12","slug":"strucna-rasprava-denivelacija-zeljeznicke-pruge-u-zagrebu","status":"publish","type":"post","link":"https:\/\/hdzi.hr\/wpnew\/?p=2017","title":{"rendered":"Stru\u010dna rasprava &#8211; denivelacija \u017eeljezni\u010dke pruge u Zagrebu"},"content":{"rendered":"<p>U srijedu 22. sije\u010dnja u prostorijama Tribine Grada Zagreba odr\u017eana je stru\u010dna rasprava na temu denivelacije \u017eeljezni\u010dke pruge u gradu Zagrebu. Hrvatsko dru\u0161tvo \u017eeljezni\u010dkih in\u017eenjera HD\u017dI sudjelovalo je na raspravi uz mnoge uva\u017eene sudionike iz akademske i stru\u010dne zajednice.<\/p>\n<p>  <!--more-->  <\/p>\n<p>Na skupu su prezentirana dva osnovna tehni\u010dka rje\u0161enja za budu\u0107i razvoj \u017eeljeznice u gradu Zagrebu, a to su izdizanje pruge i Glavnog kolodvora na vijadukt te spu\u0161tanje \u017eeljezni\u010dkih kapaciteta u sredi\u0161tu grada na podzemne eta\u017ee.<\/p>\n<p style=\"margin: 0cm 0cm 0pt; text-align: justify;\">Rje\u0161enje izdizanja pruge i kolodvora na vijadukt prezentirao je u ime tima H\u017d Infrastrukture, dr.sc. Sre\u010dko Kre\u010d, koji je istaknuo sve prednosti ovoga rje\u0161enja u odnosu na sada\u0161nje stanje i eventualno spu\u0161tanje na podzemne eta\u017ee. Nagla\u0161en je strate\u0161ki polo\u017eaj grada Zagreba na kri\u017eanju europskih \u017eeljezni\u010dkih koridora te va\u017ean financijski \u010dimbenik, obzirom da je spu\u0161tanje pruge u odnosu na izdizanje skuplje \u010dak do pet puta. Drugo rje\u0161enje predstavio je prof.dr.sc. Nenad Fabijani\u0107 u ime tima s Arhitektonskog fakulteta u Zagrebu, koji se zala\u017ee za integraciju gradskog prostora na na\u010din da se \u017eeljezni\u010dka pruga i glavni kolodvor spuste na podzemne eta\u017ee. U raspravi koja je potom uslijedila zaklju\u010deno je da oba rje\u0161enja treba detaljno analizirati i uskladiti kako bi se mogla usporediti prema jedinstvenim pokazateljima.<\/p><\/p>\n","protected":false},"excerpt":{"rendered":"<p>U srijedu 22. sije\u010dnja u prostorijama Tribine Grada Zagreba odr\u017eana je stru\u010dna rasprava na temu denivelacije \u017eeljezni\u010dke pruge u gradu Zagrebu. Hrvatsko dru\u0161tvo \u017eeljezni\u010dkih in\u017eenjera HD\u017dI sudjelovalo je na raspravi uz mnoge uva\u017eene sudionike iz akademske i stru\u010dne zajednice.<\/p>\n","protected":false},"author":1,"featured_media":0,"comment_status":"open","ping_status":"open","sticky":false,"template":"","format":"standard","meta":{"_et_pb_use_builder":"","_et_pb_old_content":"","_et_gb_content_width":"","footnotes":""},"categories":[18],"tags":[],"class_list":["post-2017","post","type-post","status-publish","format-standard","hentry","category-arhivanovosti"],"_links":{"self":[{"href":"https:\/\/hdzi.hr\/wpnew\/index.php?rest_route=\/wp\/v2\/posts\/2017","targetHints":{"allow":["GET"]}}],"collection":[{"href":"https:\/\/hdzi.hr\/wpnew\/index.php?rest_route=\/wp\/v2\/posts"}],"about":[{"href":"https:\/\/hdzi.hr\/wpnew\/index.php?rest_route=\/wp\/v2\/types\/post"}],"author":[{"embeddable":true,"href":"https:\/\/hdzi.hr\/wpnew\/index.php?rest_route=\/wp\/v2\/users\/1"}],"replies":[{"embeddable":true,"href":"https:\/\/hdzi.hr\/wpnew\/index.php?rest_route=%2Fwp%2Fv2%2Fcomments&post=2017"}],"version-history":[{"count":0,"href":"https:\/\/hdzi.hr\/wpnew\/index.php?rest_route=\/wp\/v2\/posts\/2017\/revisions"}],"wp:attachment":[{"href":"https:\/\/hdzi.hr\/wpnew\/index.php?rest_route=%2Fwp%2Fv2%2Fmedia&parent=2017"}],"wp:term":[{"taxonomy":"category","embeddable":true,"href":"https:\/\/hdzi.hr\/wpnew\/index.php?rest_route=%2Fwp%2Fv2%2Fcategories&post=2017"},{"taxonomy":"post_tag","embeddable":true,"href":"https:\/\/hdzi.hr\/wpnew\/index.php?rest_route=%2Fwp%2Fv2%2Ftags&post=2017"}],"curies":[{"name":"wp","href":"https:\/\/api.w.org\/{rel}","templated":true}]}}