{"id":2027,"date":"2014-11-01T09:11:28","date_gmt":"2014-11-01T09:11:28","guid":{"rendered":"https:\/\/hdzi.hr\/wpnew\/wp\/2014\/11\/01\/auto-generate-from-title1\/"},"modified":"2014-11-01T09:11:28","modified_gmt":"2014-11-01T09:11:28","slug":"auto-generate-from-title1","status":"publish","type":"post","link":"https:\/\/hdzi.hr\/wpnew\/?p=2027","title":{"rendered":"\u010clanovi HD\u017dI na  &#8220;Danu Hrvatske 2014&#8221;"},"content":{"rendered":"<p>U Grazu je 22. listopada ove godine odr\u017eana manifestacija pod nazivom \u00bbDan Hrvatske 2014\u00ab, u organizaciji Hrvatsko &#8211; austrijske trgovinske komore te pod pokroviteljstvom hrvatskog Ministarstva regionalnog razvoja i fondova Europske unije. Cilj manifestacije je unaprje\u0111enje gospodarske suradnje Hrvatske i Austrije, a glavna tema ovogodi\u0161njeg skupa su bile velike infrastrukturne investicije financirane pomo\u0107u bespovratnih sredstava iz EU-ovih fondova, u visini od planiranih 10,4 milijardi eura. Hrvatsko dru\u0161tvo \u017eeljezni\u010dkih in\u017eenjera omogu\u0107ilo je za 40-ak\u00a0svojih \u010dlanova organizirani odlazak na ovaj stru\u010dni skup, koji je prepoznat kao va\u017ean doga\u0111aj za unaprje\u0111enje doma\u0107eg gospodarstva, posebice \u017eeljezni\u010dkog sektora.<\/p>\n<p>  <!--more-->  <\/p>\n<p>\u00a0<\/p>\n<p>Investicije u hrvatsku \u017eeljezni\u010dku infrastrukturu iz EU-ovih fondova na skupu je prezentirala predsjednica Uprave H\u017d Infrastrukture, Renata Su\u0161a koja je predstavila dosada zavr\u0161ene projekte sufinancirane sredstvima iz EU-ovih fondova, kao i one projekte koji su u fazi pripreme i realizacije. Rije\u010d je o poslovima procijenjene vrijednosti ve\u0107e od tri milijarde eura, \u0161to je ocijenjeno kao vrlo zanimljivo stranim ulaga\u010dima, dobavlja\u010dima, projektantima te gra\u0111evinskim i konzultantskim tvrtkama. Ove su godine u sklopu \u00bbDana Hrvatske\u00ab austrijskim gospodarstvenicima prezentirani i projekti vodnoga gospodarstva, za\u0161tite okoli\u0161a i energetike. Na skupu je svoje vrlo zanimljivo i uspje\u0161no predstavljanje imala i Splitsko-dalmatinska \u017eupanija, kao regija s velikim razvojnim potencijalima.<\/p>\n<p>\u00a0<\/p>\n","protected":false},"excerpt":{"rendered":"<p>U Grazu je 22. listopada ove godine odr\u017eana manifestacija pod nazivom \u00bbDan Hrvatske 2014\u00ab, u organizaciji Hrvatsko &#8211; austrijske trgovinske komore te pod pokroviteljstvom hrvatskog Ministarstva regionalnog razvoja i fondova Europske unije. Cilj manifestacije je unaprje\u0111enje gospodarske suradnje Hrvatske i Austrije, a glavna tema ovogodi\u0161njeg skupa su bile velike infrastrukturne investicije financirane pomo\u0107u bespovratnih sredstava [&hellip;]<\/p>\n","protected":false},"author":1,"featured_media":0,"comment_status":"open","ping_status":"open","sticky":false,"template":"","format":"standard","meta":{"_et_pb_use_builder":"","_et_pb_old_content":"","_et_gb_content_width":"","footnotes":""},"categories":[18],"tags":[],"class_list":["post-2027","post","type-post","status-publish","format-standard","hentry","category-arhivanovosti"],"_links":{"self":[{"href":"https:\/\/hdzi.hr\/wpnew\/index.php?rest_route=\/wp\/v2\/posts\/2027","targetHints":{"allow":["GET"]}}],"collection":[{"href":"https:\/\/hdzi.hr\/wpnew\/index.php?rest_route=\/wp\/v2\/posts"}],"about":[{"href":"https:\/\/hdzi.hr\/wpnew\/index.php?rest_route=\/wp\/v2\/types\/post"}],"author":[{"embeddable":true,"href":"https:\/\/hdzi.hr\/wpnew\/index.php?rest_route=\/wp\/v2\/users\/1"}],"replies":[{"embeddable":true,"href":"https:\/\/hdzi.hr\/wpnew\/index.php?rest_route=%2Fwp%2Fv2%2Fcomments&post=2027"}],"version-history":[{"count":0,"href":"https:\/\/hdzi.hr\/wpnew\/index.php?rest_route=\/wp\/v2\/posts\/2027\/revisions"}],"wp:attachment":[{"href":"https:\/\/hdzi.hr\/wpnew\/index.php?rest_route=%2Fwp%2Fv2%2Fmedia&parent=2027"}],"wp:term":[{"taxonomy":"category","embeddable":true,"href":"https:\/\/hdzi.hr\/wpnew\/index.php?rest_route=%2Fwp%2Fv2%2Fcategories&post=2027"},{"taxonomy":"post_tag","embeddable":true,"href":"https:\/\/hdzi.hr\/wpnew\/index.php?rest_route=%2Fwp%2Fv2%2Ftags&post=2027"}],"curies":[{"name":"wp","href":"https:\/\/api.w.org\/{rel}","templated":true}]}}