{"id":2044,"date":"2015-10-14T11:19:19","date_gmt":"2015-10-14T11:19:19","guid":{"rendered":"https:\/\/hdzi.hr\/wpnew\/wp\/2015\/10\/14\/izabrano-novo-vodstvo-hdzi-a\/"},"modified":"2015-10-14T11:19:19","modified_gmt":"2015-10-14T11:19:19","slug":"izabrano-novo-vodstvo-hdzi-a","status":"publish","type":"post","link":"https:\/\/hdzi.hr\/wpnew\/?p=2044","title":{"rendered":"Izabrano novo vodstvo HD\u017dI-a"},"content":{"rendered":"<p style=\"text-align: justify;\"><strong><a href=\"images\/Newsletter\/43\/1.jpg\" target=\"_blank\" rel=\"alternate noopener noreferrer\"><img loading=\"lazy\" decoding=\"async\" style=\"float: left; margin-right: 10px; margin-left: 10px;\" src=\"images\/Newsletter\/43\/1.jpg\" alt=\"\" width=\"277\" height=\"173\" \/><\/a>U srijedu 23. rujna 2015.<\/strong> odr\u017ean je izvanredni izvje\u0161tajno-izborni Sabor HD\u017dI-a. Sabor je odr\u017ean u dvorani hotela Central u Zagrebu i na njemu su sudjelovala 33 zastupnika. Bio je izvanrednog karaktera jer je motiv za njegovo sazivanje bio dono\u0161enje izmjena i dopuna Statuta HD\u017dI-a, \u0161to je pak potaknuto odredbama Zakona o udrugama. S obzirom na izmjene koje su ugra\u0111ene u Statut, posebice one koje zadiru u organizacijsku strukturu Dru\u0161tva, Predsjedni\u0161tvo HD\u017dI-a predlo\u017eilo je Saboru i odre\u0111ene kadrovske promjene, \u0161to je i prihva\u0107eno.<\/p>\n<p>  <!--more-->  <\/p>\n<p style=\"text-align: justify;\">Najva\u017enija kadrovska promjena dogodila se u vodstvu Dru\u0161tva, pa je za predsjednicu izabrana dugogodi\u0161nja cijenjena \u010dlanica i docentica s Fakulteta prometnih znanosti u Zagrebu, Danijela Bari\u0107. U\u017ee izvr\u0161no tijelo Dru\u0161tva, koje se nekada zvalo Predsjedni\u0161tvo, a sada Izvr\u0161ni odbor, sastoji se od sedam \u010dlanova. Uz predsjednicu Danijelu Bari\u0107 na \u010delu Izvr\u0161nog odbora, ostali \u010dlanovi su Tomislav Prpi\u0107 kao izvr\u0161ni potpredsjednik, Marinko Popovi\u0107 kao tajnik, Dean Lali\u0107 kao glavni urednik stru\u010dnog \u010dasopisa te \u017deljka Sokolovi\u0107, Branko Korbar i Ivan Ru\u017ei\u0107 kao \u010dlanovi. Sve predlo\u017eene kadrovske promjene zastupnici su prihvatili jednoglasno.<\/p>\n","protected":false},"excerpt":{"rendered":"<p>U srijedu 23. rujna 2015. odr\u017ean je izvanredni izvje\u0161tajno-izborni Sabor HD\u017dI-a. Sabor je odr\u017ean u dvorani hotela Central u Zagrebu i na njemu su sudjelovala 33 zastupnika. Bio je izvanrednog karaktera jer je motiv za njegovo sazivanje bio dono\u0161enje izmjena i dopuna Statuta HD\u017dI-a, \u0161to je pak potaknuto odredbama Zakona o udrugama. S obzirom na [&hellip;]<\/p>\n","protected":false},"author":1,"featured_media":0,"comment_status":"open","ping_status":"open","sticky":false,"template":"","format":"standard","meta":{"_et_pb_use_builder":"","_et_pb_old_content":"","_et_gb_content_width":"","footnotes":""},"categories":[18],"tags":[],"class_list":["post-2044","post","type-post","status-publish","format-standard","hentry","category-arhivanovosti"],"_links":{"self":[{"href":"https:\/\/hdzi.hr\/wpnew\/index.php?rest_route=\/wp\/v2\/posts\/2044","targetHints":{"allow":["GET"]}}],"collection":[{"href":"https:\/\/hdzi.hr\/wpnew\/index.php?rest_route=\/wp\/v2\/posts"}],"about":[{"href":"https:\/\/hdzi.hr\/wpnew\/index.php?rest_route=\/wp\/v2\/types\/post"}],"author":[{"embeddable":true,"href":"https:\/\/hdzi.hr\/wpnew\/index.php?rest_route=\/wp\/v2\/users\/1"}],"replies":[{"embeddable":true,"href":"https:\/\/hdzi.hr\/wpnew\/index.php?rest_route=%2Fwp%2Fv2%2Fcomments&post=2044"}],"version-history":[{"count":0,"href":"https:\/\/hdzi.hr\/wpnew\/index.php?rest_route=\/wp\/v2\/posts\/2044\/revisions"}],"wp:attachment":[{"href":"https:\/\/hdzi.hr\/wpnew\/index.php?rest_route=%2Fwp%2Fv2%2Fmedia&parent=2044"}],"wp:term":[{"taxonomy":"category","embeddable":true,"href":"https:\/\/hdzi.hr\/wpnew\/index.php?rest_route=%2Fwp%2Fv2%2Fcategories&post=2044"},{"taxonomy":"post_tag","embeddable":true,"href":"https:\/\/hdzi.hr\/wpnew\/index.php?rest_route=%2Fwp%2Fv2%2Ftags&post=2044"}],"curies":[{"name":"wp","href":"https:\/\/api.w.org\/{rel}","templated":true}]}}