{"id":2075,"date":"2018-02-23T09:13:18","date_gmt":"2018-02-23T09:13:18","guid":{"rendered":"https:\/\/hdzi.hr\/wpnew\/wp\/2018\/02\/23\/obiljezavanje-dana-inzenjera-u-klubu-hdzi\/"},"modified":"2018-02-23T09:13:18","modified_gmt":"2018-02-23T09:13:18","slug":"obiljezavanje-dana-inzenjera-u-klubu-hdzi","status":"publish","type":"post","link":"https:\/\/hdzi.hr\/wpnew\/?p=2075","title":{"rendered":"Obilje\u017eavanje Dana in\u017eenjera u Klubu HD\u017dI"},"content":{"rendered":"<p style=\"text-align: justify;\">Ve\u0107 tre\u0107u godinu zaredom, 2. o\u017eujka 2018. obilje\u017eava se Dan in\u017eenjera u RH. Ovaj datum je odabran u spomen na 2. o\u017eujka 1878. godine, kad je u Zagrebu osnovan\u00a0<em>Klub in\u017einirah i arhitektah<\/em>, prete\u010da Hrvatskoga in\u017eenjerskoga saveza, \u0161to zna\u010di da se ove godine obilje\u017eava 140 godina kako su se in\u017eenjeri u Hrvatskoj okupili u svoju strukovnu asocijaciju. Danas u Hrvatskoj ima oko 40 tisu\u0107a in\u017eenjera svih struka, od \u010dega \u010dlanova u HD\u017dI-u ima oko 400.<\/p>\n<p style=\"text-align: justify;\"><strong>Dan in\u017eenjera u Klubu HD\u017dI u Petrinjskoj 89 obilje\u017eeno je u \u010detvrtak 1. o\u017eujka <\/strong><strong>u znaku dru\u017eenja<\/strong><strong>\u00a0 <\/strong>\u010dlanova i prijatelja Dru\u0161tva.<\/p>\n<p><a href=\"images\/aahd.jpg\" rel=\"alternate\"><img loading=\"lazy\" decoding=\"async\" src=\"images\/aahd.jpg\" alt=\"\" width=\"303\" height=\"227\" \/><\/a>\u00a0<a href=\"images\/aahd2.jpg\" rel=\"alternate\"><img loading=\"lazy\" decoding=\"async\" src=\"images\/aahd2.jpg\" alt=\"\" width=\"304\" height=\"228\" \/><\/a><\/p>\n","protected":false},"excerpt":{"rendered":"<p>Ve\u0107 tre\u0107u godinu zaredom, 2. o\u017eujka 2018. obilje\u017eava se Dan in\u017eenjera u RH. Ovaj datum je odabran u spomen na 2. o\u017eujka 1878. godine, kad je u Zagrebu osnovan\u00a0Klub in\u017einirah i arhitektah, prete\u010da Hrvatskoga in\u017eenjerskoga saveza, \u0161to zna\u010di da se ove godine obilje\u017eava 140 godina kako su se in\u017eenjeri u Hrvatskoj okupili u svoju strukovnu [&hellip;]<\/p>\n","protected":false},"author":1,"featured_media":0,"comment_status":"open","ping_status":"open","sticky":false,"template":"","format":"standard","meta":{"_et_pb_use_builder":"","_et_pb_old_content":"","_et_gb_content_width":"","footnotes":""},"categories":[18],"tags":[],"class_list":["post-2075","post","type-post","status-publish","format-standard","hentry","category-arhivanovosti"],"_links":{"self":[{"href":"https:\/\/hdzi.hr\/wpnew\/index.php?rest_route=\/wp\/v2\/posts\/2075","targetHints":{"allow":["GET"]}}],"collection":[{"href":"https:\/\/hdzi.hr\/wpnew\/index.php?rest_route=\/wp\/v2\/posts"}],"about":[{"href":"https:\/\/hdzi.hr\/wpnew\/index.php?rest_route=\/wp\/v2\/types\/post"}],"author":[{"embeddable":true,"href":"https:\/\/hdzi.hr\/wpnew\/index.php?rest_route=\/wp\/v2\/users\/1"}],"replies":[{"embeddable":true,"href":"https:\/\/hdzi.hr\/wpnew\/index.php?rest_route=%2Fwp%2Fv2%2Fcomments&post=2075"}],"version-history":[{"count":0,"href":"https:\/\/hdzi.hr\/wpnew\/index.php?rest_route=\/wp\/v2\/posts\/2075\/revisions"}],"wp:attachment":[{"href":"https:\/\/hdzi.hr\/wpnew\/index.php?rest_route=%2Fwp%2Fv2%2Fmedia&parent=2075"}],"wp:term":[{"taxonomy":"category","embeddable":true,"href":"https:\/\/hdzi.hr\/wpnew\/index.php?rest_route=%2Fwp%2Fv2%2Fcategories&post=2075"},{"taxonomy":"post_tag","embeddable":true,"href":"https:\/\/hdzi.hr\/wpnew\/index.php?rest_route=%2Fwp%2Fv2%2Ftags&post=2075"}],"curies":[{"name":"wp","href":"https:\/\/api.w.org\/{rel}","templated":true}]}}