{"id":2080,"date":"2019-02-11T10:45:55","date_gmt":"2019-02-11T10:45:55","guid":{"rendered":"https:\/\/hdzi.hr\/wpnew\/wp\/2019\/02\/11\/odrzan-sabor-hdzi-a-3\/"},"modified":"2019-02-11T10:45:55","modified_gmt":"2019-02-11T10:45:55","slug":"odrzan-sabor-hdzi-a-3","status":"publish","type":"post","link":"https:\/\/hdzi.hr\/wpnew\/?p=2080","title":{"rendered":"ODR\u017dAN REDOVITI SABOR HD\u017dI-a"},"content":{"rendered":"<p style=\"text-align: justify;\"><img loading=\"lazy\" decoding=\"async\" style=\"float: left; margin: 5px 10px 5px 10px;\" src=\"images\/saborWEB.jpg\" alt=\"\" width=\"405\" height=\"239\" \/>U Zagrebu je 7. velja\u010de ove godine odr\u017ean redovni Sabor HD\u017dI-a. Na Saboru su izme\u0111u ostalog, donesene izmjene i dopune statuta Dru\u0161tva, usvojeno je izvije\u0161\u0107e o radu Dru\u0161tva, izvije\u0161\u0107e o radu uredni\u0161tva, financijsko izvije\u0161\u0107e, izvije\u0161\u0107e Nadzornog odbora te je donesen Program rada i Financijski plan za 2019. godinu. Izabran je novi saziv Programskog vije\u0107a, koje u skladu s izmjenama Statuta sada broji 15 \u010dlanova, te preuzima ulogu upravlja\u010dkog tijela Dru\u0161tva. Za predsjednika HD\u017dI-a izabran je Goran Horvat, dugogodi\u0161nji aktivni \u010dlan Dru\u0161tva iz povjereni\u0161tva H\u017d Infrastruktura direkcija. Tako\u0111er, proveden je i izbor \u010dlanova Nadzornog odbora. Program rada HD\u017dI-a za 2019. godinu vrlo je ambiciozan, te izme\u0111u ostalog predvi\u0111a nastavak provedbe administrativnih aktivnosti, organizaciju stru\u010dnih skupova i ekskurzija, obilje\u017eavanje 25 godina \u010dasopisa <em>\u017deljeznice 21<\/em>, nastavak aktivnosti na Eurail-ing certificiranju, suradnju s drugim dru\u0161tvima i institucijama, kao i nastavak redovitog izla\u017eenja \u010dasopisa <em>\u017deljeznice 21<\/em>.<\/p>\n","protected":false},"excerpt":{"rendered":"<p>U Zagrebu je 7. velja\u010de ove godine odr\u017ean redovni Sabor HD\u017dI-a. Na Saboru su izme\u0111u ostalog, donesene izmjene i dopune statuta Dru\u0161tva, usvojeno je izvije\u0161\u0107e o radu Dru\u0161tva, izvije\u0161\u0107e o radu uredni\u0161tva, financijsko izvije\u0161\u0107e, izvije\u0161\u0107e Nadzornog odbora te je donesen Program rada i Financijski plan za 2019. godinu. Izabran je novi saziv Programskog vije\u0107a, koje [&hellip;]<\/p>\n","protected":false},"author":1,"featured_media":0,"comment_status":"open","ping_status":"open","sticky":false,"template":"","format":"standard","meta":{"_et_pb_use_builder":"","_et_pb_old_content":"","_et_gb_content_width":"","footnotes":""},"categories":[18],"tags":[],"class_list":["post-2080","post","type-post","status-publish","format-standard","hentry","category-arhivanovosti"],"_links":{"self":[{"href":"https:\/\/hdzi.hr\/wpnew\/index.php?rest_route=\/wp\/v2\/posts\/2080","targetHints":{"allow":["GET"]}}],"collection":[{"href":"https:\/\/hdzi.hr\/wpnew\/index.php?rest_route=\/wp\/v2\/posts"}],"about":[{"href":"https:\/\/hdzi.hr\/wpnew\/index.php?rest_route=\/wp\/v2\/types\/post"}],"author":[{"embeddable":true,"href":"https:\/\/hdzi.hr\/wpnew\/index.php?rest_route=\/wp\/v2\/users\/1"}],"replies":[{"embeddable":true,"href":"https:\/\/hdzi.hr\/wpnew\/index.php?rest_route=%2Fwp%2Fv2%2Fcomments&post=2080"}],"version-history":[{"count":0,"href":"https:\/\/hdzi.hr\/wpnew\/index.php?rest_route=\/wp\/v2\/posts\/2080\/revisions"}],"wp:attachment":[{"href":"https:\/\/hdzi.hr\/wpnew\/index.php?rest_route=%2Fwp%2Fv2%2Fmedia&parent=2080"}],"wp:term":[{"taxonomy":"category","embeddable":true,"href":"https:\/\/hdzi.hr\/wpnew\/index.php?rest_route=%2Fwp%2Fv2%2Fcategories&post=2080"},{"taxonomy":"post_tag","embeddable":true,"href":"https:\/\/hdzi.hr\/wpnew\/index.php?rest_route=%2Fwp%2Fv2%2Ftags&post=2080"}],"curies":[{"name":"wp","href":"https:\/\/api.w.org\/{rel}","templated":true}]}}