{"id":2308,"date":"2020-08-10T15:03:21","date_gmt":"2020-08-10T15:03:21","guid":{"rendered":"https:\/\/hdzi.hr\/wpnew\/?p=2308"},"modified":"2020-10-04T09:09:05","modified_gmt":"2020-10-04T09:09:05","slug":"2021-europska-godina-zeljeznice","status":"publish","type":"post","link":"https:\/\/hdzi.hr\/wpnew\/?p=2308","title":{"rendered":"2021. &#8211; Europska godina \u017eeljeznice"},"content":{"rendered":"<p><!--more--><\/p>\n<p>Kada je 11. prosinca 2019. godine od strane Europske komisije po prvi puta predstavljen europski zeleni plan, odmah se moglo zaklju\u010diti da \u0107e \u017eeljeznica igrati va\u017enu ulogu u njegovu ostvarenju. U europskom zelenom planu poziva se prije svega na ubrzavanje prelaska na odr\u017eivu i pametnu mobilnost, uzimaju\u0107i u obzir to da \u010detvrtina emisija stakleni\u010dkih plinova u Uniji dolazi iz prometnog sektora te da je njihov udio i dalje u porastu. Kako bi se postigla klimatska neutralnost do 2050. godine, potrebno je smanjiti emisije iz prometa za 90%. Kao dio europskog zelenog plana, Europska komisija najavila je dopunjavanje budu\u0107e strategije za odr\u017eivu i pametnu mobilnost, koja \u0107e poku\u0161ati rije\u0161iti ove izazove. Predvi\u0111ene su i akcije, s ciljem da se 75% tereta koji se danas prevozi cestovnim putem prebaci na \u017eeljeznicu i unutarnje plovne putove.<\/p>\n<p>Kako bi poduprla i promovirala \u017eeljeznice kao odr\u017eiv na\u010din prijevoza, Europska komisija predlo\u017eila je da se 2021. godina proglasi Europskom godinom \u017eeljeznice. Bit \u0107e to prva godina u kojoj \u0107e se u cijeloj EU provoditi propisi dogovoreni u okviru \u010detvrtog \u017eeljezni\u010dkog paketa, a oni se odnose na otvaranje tr\u017ei\u0161ta za usluge unutarnjeg \u017eeljezni\u010dkog prijevoza i smanjenje tro\u0161kova i administrativnog optere\u0107enja za \u017eeljezni\u010dke prijevoznike koji posluju na cijelom podru\u010dju EU. Tako\u0111er u Europskoj godini \u017eeljeznice obilje\u017eit \u0107e se i nekoliko va\u017enih obljetnica: 20. godi\u0161njica prvog \u017eeljezni\u010dkog paketa, 175. obljetnica prve \u017eeljezni\u010dke veze izme\u0111u dviju prijestolnica EU (Pariz-Bruxelles), kao i 40 godina TGV-a i 30 godina ICE-a.<\/p>\n<p>Cilj Europske godine \u017eeljeznice poticanje je Unije, dr\u017eava \u010dlanica, regionalnih i lokalnih tijela te drugih organizacija da zajedno rade na pove\u0107anju udjela putnika i tereta koji se prevoze \u017eeljeznicom. EU \u0107e, u tom smislu i cilju:<\/p>\n<ul>\n<li>promovirati \u017eeljeznicu kao odr\u017eiv, inovativan i siguran na\u010din prijevoza;<\/li>\n<li>istaknuti europsku, prekograni\u010dnu dimenziju \u017eeljezni\u010dkog prometa, koja gra\u0111ane pribli\u017eava zajedno, omogu\u0107uje im da istra\u017euju Uniju u njenoj raznolikosti, poti\u010de koheziju i pridonosi integraciji unutarnjeg tr\u017ei\u0161ta Unije;<\/li>\n<li>poja\u010dati doprinos \u017eeljeznice gospodarstvu, industriji i dru\u0161tvu Unije posebno u aspektima povezanima s regionalnim razvojem, konkurentno\u0161\u0107u industrije, odr\u017eivim turizmom, inovacijama, zapo\u0161ljavanjem, obrazovanjem, mladima i kulturom te osiguravanjem pristupa osobama s invaliditetom;<\/li>\n<li>doprinijeti promicanju \u017eeljeznice kao va\u017enog elementa odnosa izme\u0111u Unije i susjednih zemalja, posebno na zapadnom Balkanu.<\/li>\n<\/ul>\n<p>Za provedbu ovih inicijativa, zahtjevi koje treba ispuniti kratkoro\u010dno su bolja predod\u017eba o \u017eeljeznici me\u0111u gra\u0111anima i poduze\u0107ima, bolja informiranost o tome da je va\u017eno preusmjeriti vi\u0161e putnika i tereta na \u017eeljezni\u010dki prijevoz. S druge strane, zahtjevi koje treba ispuniti dugoro\u010dno su pove\u0107anje modalnog udjela putnika i tereta koji se prevoze \u017eeljeznicom kako bi se u kona\u010dnici doprinijelo smanjenju stakleni\u010dkih plinova.<\/p>\n<p>Za sam kraj potrebno je jo\u0161 jednom naglasiti da \u0107e progla\u0161avanje 2021.godine Europskom godinom \u017eeljeznice zasigurno pridonijet br\u017eoj modernizaciji \u017eeljeznice, koja je potrebna kako bi postala popularnijom alternativom manje odr\u017eivim oblicima prijevoza.<\/p>\n","protected":false},"excerpt":{"rendered":"","protected":false},"author":2,"featured_media":2310,"comment_status":"open","ping_status":"open","sticky":false,"template":"","format":"standard","meta":{"_et_pb_use_builder":"","_et_pb_old_content":"","_et_gb_content_width":"","footnotes":""},"categories":[18],"tags":[],"class_list":["post-2308","post","type-post","status-publish","format-standard","has-post-thumbnail","hentry","category-arhivanovosti"],"_links":{"self":[{"href":"https:\/\/hdzi.hr\/wpnew\/index.php?rest_route=\/wp\/v2\/posts\/2308","targetHints":{"allow":["GET"]}}],"collection":[{"href":"https:\/\/hdzi.hr\/wpnew\/index.php?rest_route=\/wp\/v2\/posts"}],"about":[{"href":"https:\/\/hdzi.hr\/wpnew\/index.php?rest_route=\/wp\/v2\/types\/post"}],"author":[{"embeddable":true,"href":"https:\/\/hdzi.hr\/wpnew\/index.php?rest_route=\/wp\/v2\/users\/2"}],"replies":[{"embeddable":true,"href":"https:\/\/hdzi.hr\/wpnew\/index.php?rest_route=%2Fwp%2Fv2%2Fcomments&post=2308"}],"version-history":[{"count":2,"href":"https:\/\/hdzi.hr\/wpnew\/index.php?rest_route=\/wp\/v2\/posts\/2308\/revisions"}],"predecessor-version":[{"id":2312,"href":"https:\/\/hdzi.hr\/wpnew\/index.php?rest_route=\/wp\/v2\/posts\/2308\/revisions\/2312"}],"wp:featuredmedia":[{"embeddable":true,"href":"https:\/\/hdzi.hr\/wpnew\/index.php?rest_route=\/wp\/v2\/media\/2310"}],"wp:attachment":[{"href":"https:\/\/hdzi.hr\/wpnew\/index.php?rest_route=%2Fwp%2Fv2%2Fmedia&parent=2308"}],"wp:term":[{"taxonomy":"category","embeddable":true,"href":"https:\/\/hdzi.hr\/wpnew\/index.php?rest_route=%2Fwp%2Fv2%2Fcategories&post=2308"},{"taxonomy":"post_tag","embeddable":true,"href":"https:\/\/hdzi.hr\/wpnew\/index.php?rest_route=%2Fwp%2Fv2%2Ftags&post=2308"}],"curies":[{"name":"wp","href":"https:\/\/api.w.org\/{rel}","templated":true}]}}