{"id":2558,"date":"2021-02-10T09:16:56","date_gmt":"2021-02-10T09:16:56","guid":{"rendered":"https:\/\/hdzi.hr\/wpnew\/?p=2558"},"modified":"2021-03-07T11:22:56","modified_gmt":"2021-03-07T11:22:56","slug":"odrzan-redovni-izborni-sabor-hdzi-a","status":"publish","type":"post","link":"https:\/\/hdzi.hr\/wpnew\/?p=2558","title":{"rendered":"Odr\u017ean redovni izborni sabor HD\u017dI-a"},"content":{"rendered":"<p><!--more-->Na redovnom izbornom saboru Hrvatskog dru\u0161tva \u017eeljezni\u010dkih in\u017eenjera koji je odr\u017ean 4. velja\u010de 2021. na daljinu, doneseni su klju\u010dni programski i planski dokumenti za 2021. godinu te je izabrano novo vodstvo.<\/p>\n<p>U skladu sa Statutom HD\u017dI-a Programsko vije\u0107e izabrano u velja\u010di 2019. imalo je zada\u0107u organizirati redovni izborni sabor do 7. velja\u010de ove godine kada mu je isticao mandat. Izazovi za organizaciju redovnoga izbornog sabora bili su brojni, od kojih je potrebno istaknuti dva najve\u0107a.<\/p>\n<p>S prvim izazovom Programsko vije\u0107e susrelo se u o\u017eujku 2020. nakon prve godine mandata. \u0160irenjem pandemije covida-19 planirane aktivnosti Dru\u0161tva do\u0161le su u pitanje s obzirom da su bile donesene mjere za suzbijanje pandemije. Tim mjerama bila je obuhva\u0107ena i zabrana okupljanja ve\u0107eg broja osoba zbog \u010dega je bila otkazana konferencija HD\u017dI-a koja se po\u010detkom travnja pro\u0161le godine trebala odr\u017eati u Zaboku. Druga va\u017ena aktivnost koju je poslovodstvo Dru\u0161tva moralo otkazati je i stru\u010dna ekskurzija koja je trebala biti organizirana za ve\u0107i broj \u010dlanova, \u0161to je nai\u0161lo na razumijevanje \u010dlanstva. Uz pandemiju, potres koji je pogodio Zagreb 22. o\u017eujka 2020. dodatno je zakomplicirao rad Dru\u0161tva jer su i slu\u017ebene prostorije HD\u017dI-a zadobile srednje velika o\u0161te\u0107enja koja je trebalo sanirati.<\/p>\n<p>Suo\u010deni s mjerama uvedenim zbog pandemije i \u0161tetom od potresa, Programsko vije\u0107e je u kratkom roku prilagodilo godi\u0161nji plan rada i za klju\u010dne aktivnosti odredilo:<\/p>\n<ul>\n<li>saniranje o\u0161te\u0107enja u Klubu HD\u017dI-a<\/li>\n<li>obilje\u017eavanje 25 godina izla\u017eenja stru\u010dnog \u010dasopisa HD\u017dI-a <em>\u017deljeznice 21 <\/em>i<\/li>\n<li>redizajn stru\u010dnog \u010dasopisa.<\/li>\n<\/ul>\n<p>Navedene aktivnosti ocijenjene su kao oportune s obzirom da su mogle biti provedene u novonastalim ograni\u010davaju\u0107im okolnostima i u skladu s raspolo\u017eivim resursima. Aktivnosti koje su navedene u <u><a href=\"https:\/\/hdzi.hr\/wpnew\/wp-content\/uploads\/2021\/02\/3.-Izvje\u0161\u0107e-o-radu-HD\u017dI-u-2020..pdf\">Izvje\u0161\u0107u o radu HD\u017dI-a<\/a>,<\/u> koje je predsjednik Dru\u0161tva podnio Saboru HD\u017dI-a, bile su vrlo u\u010dinkovite i doprinijele su dodatnom ja\u010danju ugleda i vidljivosti HD\u017dI-a.<\/p>\n<p>Uz znatna ograni\u010denja u djelovanju Dru\u0161tva, drugi izazov bio je sastav Programskog vije\u0107a 2019. u koje je u\u0161lo nekoliko \u010dlanova koji do tada nisu sudjelovali u radu upravlja\u010dkih tijela. S obzirom na propisane epidemiolo\u0161ke mjere, bilo je potrebno organizirati virtualnu sjednicu, \u0161to je zahtijevalo dodatan napor i trud svih \u010dlanova upravlja\u010dkog tijela. Planirane sjednice Programskog vije\u0107a odr\u017eane su na vrijeme, a na njima su donesene potrebne odluke te rje\u0161avani statutarni i administrativni zahtjevi.<\/p>\n<p>U cilju nastavka uspje\u0161nog rada Dru\u0161tva u novonastalim okolnostima, sastav novog <u><a href=\"https:\/\/hdzi.hr\/wpnew\/?page_id=746\">Programskog vije\u0107a HD\u017dI-a i Nadzornog odbora<\/a><\/u> do\u017eivio je manje promjene, a zbog prezauzetosti drugim obvezama na vlastiti zahtjev razrije\u0161eno je nekoliko \u010dlanova. Za predsjednika Dru\u0161tva na jo\u0161 jedan mandat jednoglasno je izabran Goran Horvat, a ostale funkcije u Programskom vije\u0107u bit \u0107e izglasane do 20. velja\u010de 2021. nakon detaljnijeg dogovora oko podjele zadu\u017eenja i odgovornosti.<\/p>\n<p>\u0160to se ti\u010de Programa rada Dru\u0161tva za 2021. godinu, zbog ranije navedenih okolnosti koje su velikim dijelom utjecale na izradu dokumenata, donesen je okvirni program za koji \u0107e u sljede\u0107ih desetak dana biti detaljnije razra\u0111ene odgovornosti i rokovi. Uz uobi\u010dajene godi\u0161nje aktivnosti koje spadaju u kategoriju redovitog poslovanja Dru\u0161tva, u 2021. godini predvi\u0111eno je:<\/p>\n<ul>\n<li>organiziranje konferencije u suradnji s Vukovarsko-srijemskom \u017eupanijom<\/li>\n<li>obilje\u017eavanje \u201e2021. &#8211; Europska godina \u017eeljeznice\u201c i<\/li>\n<li>organizacija stru\u010dne ekskurzije za \u0161ire \u010dlanstvo.<\/li>\n<\/ul>\n<p>U cilju ja\u010danja kapaciteta Dru\u0161tva Programsko vije\u0107e obvezalo se istra\u017eiti sve mogu\u0107nosti aktivnog uklju\u010divanja u projekte financijski potpomognute EU fondovima, a ostavljena je i mogu\u0107nost da \u010dlanovi HD\u017dI-a samostalno predlo\u017ee manje projekte u skladu s misijom Dru\u0161tva i interesima \u0161ireg \u010dlanstva (organizacije stru\u010dne edukacije, sudjelovanje u regionalnim stru\u010dnim aktivnostima s partnerima, obilje\u017eavanje va\u017enih obljetnica vezanih uz \u017eeljeznicu i sl.).<\/p>\n<p>Novi saziv Programskog vije\u0107a HD\u017dI-a u idu\u0107e dvije godine namjerava sna\u017eno poduprijeti misiju svojeg postojanja i to kroz:<\/p>\n<ul>\n<li>stjecanje novih znanja (upoznavanje s novim tehnologijama na \u017eeljeznici, edukacija, stru\u010dna afirmacija, promicanje novih rje\u0161enja i tehnologija i sl.)<\/li>\n<li>razvoj stru\u010dnog \u010dasopisa <em>\u017deljeznice 21<\/em><\/li>\n<li>kontinuiranu komunikaciju sa svim dionicima<\/li>\n<li>predan rad na vidljivosti i ugledu Dru\u0161tva kroz suradnju s partnerima i<\/li>\n<li>stabilno poslovanje.<\/li>\n<\/ul>\n<p>Kao i ranije, poslovodstvo Dru\u0161tva apelira na svoje \u010dlanove da se aktivno uklju\u010de u realizaciju planiranih aktivnosti i predlo\u017ee druge aktivnosti koje mogu biti zanimljive \u0161iroj stru\u010dnoj javnosti. \u010clanovi se mogu obratiti svojim povjerenstvima ili izravno na e-adresu\u00a0 <a href=\"mailto:hdzi@hdzi.hr\">hdzi@hdzi.hr<\/a>, a dodatni anga\u017eman \u010dlanstva o\u010dekuje se u objavljivanju ve\u0107eg broja stru\u010dnih radova u \u010dasopisu <em>\u017deljeznice 21<\/em>.<\/p>\n<p>&nbsp;<\/p>\n","protected":false},"excerpt":{"rendered":"","protected":false},"author":2,"featured_media":2560,"comment_status":"open","ping_status":"open","sticky":false,"template":"","format":"standard","meta":{"_et_pb_use_builder":"","_et_pb_old_content":"","_et_gb_content_width":"","footnotes":""},"categories":[18],"tags":[],"class_list":["post-2558","post","type-post","status-publish","format-standard","has-post-thumbnail","hentry","category-arhivanovosti"],"_links":{"self":[{"href":"https:\/\/hdzi.hr\/wpnew\/index.php?rest_route=\/wp\/v2\/posts\/2558","targetHints":{"allow":["GET"]}}],"collection":[{"href":"https:\/\/hdzi.hr\/wpnew\/index.php?rest_route=\/wp\/v2\/posts"}],"about":[{"href":"https:\/\/hdzi.hr\/wpnew\/index.php?rest_route=\/wp\/v2\/types\/post"}],"author":[{"embeddable":true,"href":"https:\/\/hdzi.hr\/wpnew\/index.php?rest_route=\/wp\/v2\/users\/2"}],"replies":[{"embeddable":true,"href":"https:\/\/hdzi.hr\/wpnew\/index.php?rest_route=%2Fwp%2Fv2%2Fcomments&post=2558"}],"version-history":[{"count":3,"href":"https:\/\/hdzi.hr\/wpnew\/index.php?rest_route=\/wp\/v2\/posts\/2558\/revisions"}],"predecessor-version":[{"id":2572,"href":"https:\/\/hdzi.hr\/wpnew\/index.php?rest_route=\/wp\/v2\/posts\/2558\/revisions\/2572"}],"wp:featuredmedia":[{"embeddable":true,"href":"https:\/\/hdzi.hr\/wpnew\/index.php?rest_route=\/wp\/v2\/media\/2560"}],"wp:attachment":[{"href":"https:\/\/hdzi.hr\/wpnew\/index.php?rest_route=%2Fwp%2Fv2%2Fmedia&parent=2558"}],"wp:term":[{"taxonomy":"category","embeddable":true,"href":"https:\/\/hdzi.hr\/wpnew\/index.php?rest_route=%2Fwp%2Fv2%2Fcategories&post=2558"},{"taxonomy":"post_tag","embeddable":true,"href":"https:\/\/hdzi.hr\/wpnew\/index.php?rest_route=%2Fwp%2Fv2%2Ftags&post=2558"}],"curies":[{"name":"wp","href":"https:\/\/api.w.org\/{rel}","templated":true}]}}