{"id":2585,"date":"2021-03-07T11:21:55","date_gmt":"2021-03-07T11:21:55","guid":{"rendered":"https:\/\/hdzi.hr\/wpnew\/?p=2585"},"modified":"2021-03-28T08:05:02","modified_gmt":"2021-03-28T08:05:02","slug":"imenovanja-i-organizacijske-promjene-u-hdzi","status":"publish","type":"post","link":"https:\/\/hdzi.hr\/wpnew\/?p=2585","title":{"rendered":"Imenovanja i organizacijske promjene u HD\u017dI"},"content":{"rendered":"<p><!--more-->Kao \u0161to je statutom i predvi\u0111eno, nakon uspje\u0161no odr\u017eanog redovnog izbornog sabora HD\u017dI, predsjednik Dru\u0161tva sazvao je prvu sjednicu Programskog vije\u0107a koja je odr\u017eana online 9. velja\u010de 2021. godine. Na toj sjednici za tajnica Dru\u0161tva je ponovno izabrana Janica Pezelj, a za blagajnica Marija Horvat. Osim ove dvije va\u017ene funkcije, na istoj je sjednici i gospodin Branko Korbar \u00a0tako\u0111er ponovno imenovan koordinatorom za \u00a0EURAIL-ING certificiranje. Druga potrebna imenovanja bila su ostavljena za drugu sjednicu Programskog vije\u0107a, koja je odr\u017eana 20. velja\u010de 2021. godine te imala za cilj izabrati \u010dlanove Izvr\u0161nog odbora, izvr\u0161nog potpredsjednika i glavnog urednika stru\u010dnog \u010dasopisa.<\/p>\n<p>Najzna\u010dajnija kadrovska promjena izazvana je iskazivanjem \u017eelje dosada\u0161njeg glavnog urednika stru\u010dnog \u010dasopisa, Deana Lali\u0107a da vi\u0161e ne bude kandidiran za ovu funkciju. Treba re\u0107i da je iza Deana Lali\u0107a sedmogodi\u0161nje razdoblje ure\u0111ivanja stru\u010dnog \u010dasopisa <em>\u017deljeznice 21<\/em>, unutar kojeg je \u010dasopis do\u017eivio vi\u0161e uspje\u0161nih sadr\u017eajnih i dizajnerskih promjena. Tim promjenama \u010dasopis je dobio na popularnosti unutar svog \u010dlanstva, ali i kod \u0161ire stru\u010dne javnosti te je prepoznat kao vrijedan stru\u010dni \u010dimbenik hrvatskog \u017eeljezni\u010dkog sektora. Ipak, brojne profesionalne obveze navele su dosada\u0161njeg glavnog urednika na povla\u010denje s te funkcije, a Programsko vije\u0107e se na\u0161lo pred izazovom u potrazi za novim glavnim urednikom. \u010cinjenica da je gospodin Lali\u0107 posao glavnog urednika obavljao vrlo samostalno, u\u010dinila je izazov Programskom vije\u0107u jo\u0161 ve\u0107i, jer nitko od \u010dlanova uredni\u0161tva nije sudjelovao u svim fazama pripreme \u010dasopisa za tisak. Iz tog razloga je odlu\u010deno da uredni\u0161tvo timski preuzme pripremu prvog ovogodi\u0161njeg broja <em>\u017deljeznice 21<\/em>, a kao vr\u0161itelj du\u017enosti glavnog urednika za prvi ovogodi\u0161nji broj \u010dasopisa, izabran je Tomislav Prpi\u0107, koji je ujedno na sjednici izabran i za izvr\u0161nog potpredsjednika Dru\u0161tva.<\/p>\n<p>Imenovanjem \u017deljke Sokolovi\u0107 i Snje\u017eane Krznari\u0107 \u010dlanicama Izvr\u0161nog odbora, ovo tijelo je formirano te sukladno statutu stavljeno u funkciju Programskom vije\u0107u.<\/p>\n<p>U cilju ja\u010danja organizacijskih kapaciteta i uspostave kvalitetnije koordinacije marketin\u0161kog i nakladni\u010dkog djelovanja, Programsko vije\u0107e je formiralo Koordinaciju za marketing i nakladni\u0161tvo u sklopu kojeg \u0107e objedinjeno djelovati nekada\u0161nji Ured za marketing i Uredni\u0161tvo stru\u010dnog \u010dasopisa.<\/p>\n<p>Na kraju sjednice, \u010dlanovi Programskog vije\u0107a su izrazili nadu da \u0107e 2021. godina biti epidemiolo\u0161ki povoljnija za realizaciju brojnih zacrtanih aktivnosti, ali i spremnost na prilagodbu svim izazovima koji \u0107e se na\u0107i na putu postizanja statutarnih i programskih ciljeva.<\/p>\n","protected":false},"excerpt":{"rendered":"","protected":false},"author":2,"featured_media":2560,"comment_status":"open","ping_status":"open","sticky":false,"template":"","format":"standard","meta":{"_et_pb_use_builder":"","_et_pb_old_content":"","_et_gb_content_width":"","footnotes":""},"categories":[18],"tags":[],"class_list":["post-2585","post","type-post","status-publish","format-standard","has-post-thumbnail","hentry","category-arhivanovosti"],"_links":{"self":[{"href":"https:\/\/hdzi.hr\/wpnew\/index.php?rest_route=\/wp\/v2\/posts\/2585","targetHints":{"allow":["GET"]}}],"collection":[{"href":"https:\/\/hdzi.hr\/wpnew\/index.php?rest_route=\/wp\/v2\/posts"}],"about":[{"href":"https:\/\/hdzi.hr\/wpnew\/index.php?rest_route=\/wp\/v2\/types\/post"}],"author":[{"embeddable":true,"href":"https:\/\/hdzi.hr\/wpnew\/index.php?rest_route=\/wp\/v2\/users\/2"}],"replies":[{"embeddable":true,"href":"https:\/\/hdzi.hr\/wpnew\/index.php?rest_route=%2Fwp%2Fv2%2Fcomments&post=2585"}],"version-history":[{"count":5,"href":"https:\/\/hdzi.hr\/wpnew\/index.php?rest_route=\/wp\/v2\/posts\/2585\/revisions"}],"predecessor-version":[{"id":2591,"href":"https:\/\/hdzi.hr\/wpnew\/index.php?rest_route=\/wp\/v2\/posts\/2585\/revisions\/2591"}],"wp:featuredmedia":[{"embeddable":true,"href":"https:\/\/hdzi.hr\/wpnew\/index.php?rest_route=\/wp\/v2\/media\/2560"}],"wp:attachment":[{"href":"https:\/\/hdzi.hr\/wpnew\/index.php?rest_route=%2Fwp%2Fv2%2Fmedia&parent=2585"}],"wp:term":[{"taxonomy":"category","embeddable":true,"href":"https:\/\/hdzi.hr\/wpnew\/index.php?rest_route=%2Fwp%2Fv2%2Fcategories&post=2585"},{"taxonomy":"post_tag","embeddable":true,"href":"https:\/\/hdzi.hr\/wpnew\/index.php?rest_route=%2Fwp%2Fv2%2Ftags&post=2585"}],"curies":[{"name":"wp","href":"https:\/\/api.w.org\/{rel}","templated":true}]}}