{"id":2602,"date":"2021-03-28T07:24:28","date_gmt":"2021-03-28T07:24:28","guid":{"rendered":"https:\/\/hdzi.hr\/wpnew\/?p=2602"},"modified":"2021-04-08T11:01:43","modified_gmt":"2021-04-08T11:01:43","slug":"prvi-ovogodisnji-broj-zeljeznice-21","status":"publish","type":"post","link":"https:\/\/hdzi.hr\/wpnew\/?p=2602","title":{"rendered":"Prvi ovogodi\u0161nji broj \u017deljeznice 21"},"content":{"rendered":"<p>Prvi ovogodi\u0161nji broj stru\u010dnog \u010dasopisa &#8220;\u017deljeznice 21&#8221; pripremljen je za tisak te stru\u010dnim radovima i popratnim \u010dlancima obra\u0111uje temu \u017eeljezni\u010dke ba\u0161tine. Ova tema nije slu\u010dajno odabrana, jer \u010dasopis njome zapo\u010dinje obilje\u017eavanje Europsku godinu \u017eeljeznice.<\/p>\n<p><img loading=\"lazy\" decoding=\"async\" class=\"alignleft wp-image-2620\" src=\"https:\/\/hdzi.hr\/wpnew\/wp-content\/uploads\/2021\/03\/Sadr\u017eaj-\u017d21-1-21-e1616940469284-143x300.png\" alt=\"\" width=\"274\" height=\"574\" srcset=\"https:\/\/hdzi.hr\/wpnew\/wp-content\/uploads\/2021\/03\/Sadr\u017eaj-\u017d21-1-21-e1616940469284-143x300.png 143w, https:\/\/hdzi.hr\/wpnew\/wp-content\/uploads\/2021\/03\/Sadr\u017eaj-\u017d21-1-21-e1616940469284-489x1024.png 489w, https:\/\/hdzi.hr\/wpnew\/wp-content\/uploads\/2021\/03\/Sadr\u017eaj-\u017d21-1-21-e1616940469284.png 710w\" sizes=\"auto, (max-width: 274px) 100vw, 274px\" \/>Uvodni\u010dar ovog broja je <strong>Maurizio Castelleti<\/strong> \u00a0iz Europske komisije, doti\u010dno Glavne uprave za mobilnost i promet koji najavljuje obilje\u017eavanje prve Europske godine \u017eeljeznice te obja\u0161njava kako je do te ideje do\u0161lo i \u0161to Europska komisija o\u010dekuje od \u017eeljeznice u budu\u0107nosti.<\/p>\n<p>Stru\u010dne radove potpisuju <strong>Sanja Pai\u0107<\/strong> i <strong>Marela Sopta<\/strong> iz udruge Safety.guru INSTITUT te <strong>Renata Veli\u010dan<\/strong> iz Hrvatskog \u017eeljezni\u010dkog muzeja i <strong>Ante Macan<\/strong> iz HD\u017dI.<\/p>\n<p>Osim stru\u010dnih radova, u \u010dasopisu su objavljena i dva zanimljiva \u010dlanka srodne tematike, jedan autorice <strong>Jasne Zamaji\u0107<\/strong> o preporodu \u017eeljeznice, a drugi <strong>Tome Ba\u010di\u0107a<\/strong> o \u017eeljezni\u010dkim prugama koje je za\u0161titio UNESCO.<\/p>\n<p>Tako\u0111er treba naglasiti kako ovaj broj \u017deljeznica 21 sadr\u017eava i rubriku \u201ePovijest na\u0161e \u017eeljeznice\u201c u kojoj je <strong>dr.sc. Sini\u0161a Lajnert<\/strong> pi\u0161e o velikogori\u010dkom konjskom tramvaju i\u00a0 Dioni\u010darskom dru\u0161tvu dunavsko-savske vicinalne \u017eeljeznice.<\/p>\n<p>U rubrici &#8220;Iz perspektive podupiru\u0107ih \u010dlanova&#8221; u ovom broju se objavljena dva su zanimljiva intervjua. Prvi s <strong>Vjeranom Bu\u0107om, <\/strong>direktorom prodaje i marketinga za rje\u0161enja za industriju i dru\u0161tvo te \u010dlanom poslovnog rukovodstva Ericssona Nikole Tesle, a drugi s <strong>Toma\u017eom Motohom, <\/strong>ovla\u0161tenim stru\u010dnjakom za provedbu ocjenjivanja sukladnosti iz slovenske tvrtke Q Techna.<\/p>\n<p>&nbsp;<\/p>\n<p>&nbsp;<\/p>\n","protected":false},"excerpt":{"rendered":"<p>Prvi ovogodi\u0161nji broj stru\u010dnog \u010dasopisa &#8220;\u017deljeznice 21&#8221; pripremljen je za tisak te stru\u010dnim radovima i popratnim \u010dlancima obra\u0111uje temu \u017eeljezni\u010dke ba\u0161tine. Ova tema nije slu\u010dajno odabrana, jer \u010dasopis njome zapo\u010dinje obilje\u017eavanje Europsku godinu \u017eeljeznice. Uvodni\u010dar ovog broja je Maurizio Castelleti \u00a0iz Europske komisije, doti\u010dno Glavne uprave za mobilnost i promet koji najavljuje obilje\u017eavanje prve Europske [&hellip;]<\/p>\n","protected":false},"author":2,"featured_media":0,"comment_status":"open","ping_status":"open","sticky":false,"template":"","format":"standard","meta":{"_et_pb_use_builder":"","_et_pb_old_content":"","_et_gb_content_width":"","footnotes":""},"categories":[1],"tags":[],"class_list":["post-2602","post","type-post","status-publish","format-standard","hentry","category-uncategorized"],"_links":{"self":[{"href":"https:\/\/hdzi.hr\/wpnew\/index.php?rest_route=\/wp\/v2\/posts\/2602","targetHints":{"allow":["GET"]}}],"collection":[{"href":"https:\/\/hdzi.hr\/wpnew\/index.php?rest_route=\/wp\/v2\/posts"}],"about":[{"href":"https:\/\/hdzi.hr\/wpnew\/index.php?rest_route=\/wp\/v2\/types\/post"}],"author":[{"embeddable":true,"href":"https:\/\/hdzi.hr\/wpnew\/index.php?rest_route=\/wp\/v2\/users\/2"}],"replies":[{"embeddable":true,"href":"https:\/\/hdzi.hr\/wpnew\/index.php?rest_route=%2Fwp%2Fv2%2Fcomments&post=2602"}],"version-history":[{"count":4,"href":"https:\/\/hdzi.hr\/wpnew\/index.php?rest_route=\/wp\/v2\/posts\/2602\/revisions"}],"predecessor-version":[{"id":2655,"href":"https:\/\/hdzi.hr\/wpnew\/index.php?rest_route=\/wp\/v2\/posts\/2602\/revisions\/2655"}],"wp:attachment":[{"href":"https:\/\/hdzi.hr\/wpnew\/index.php?rest_route=%2Fwp%2Fv2%2Fmedia&parent=2602"}],"wp:term":[{"taxonomy":"category","embeddable":true,"href":"https:\/\/hdzi.hr\/wpnew\/index.php?rest_route=%2Fwp%2Fv2%2Fcategories&post=2602"},{"taxonomy":"post_tag","embeddable":true,"href":"https:\/\/hdzi.hr\/wpnew\/index.php?rest_route=%2Fwp%2Fv2%2Ftags&post=2602"}],"curies":[{"name":"wp","href":"https:\/\/api.w.org\/{rel}","templated":true}]}}