{"id":2605,"date":"2021-03-28T08:03:03","date_gmt":"2021-03-28T08:03:03","guid":{"rendered":"https:\/\/hdzi.hr\/wpnew\/?p=2605"},"modified":"2021-04-17T09:31:33","modified_gmt":"2021-04-17T09:31:33","slug":"konferencija-o-znacaju-zeljeznice-u-prometnim-sustavima-regija","status":"publish","type":"post","link":"https:\/\/hdzi.hr\/wpnew\/?p=2605","title":{"rendered":"Konferencija o zna\u010daju \u017eeljeznice u prometnim sustavima regija"},"content":{"rendered":"<p><!--more--><\/p>\n<p><strong>Hrvatsko dru\u0161tvo \u017eeljezni\u010dkih in\u017eenjera<\/strong> uz pomo\u0107 <strong>Vukovarsko srijemske \u017eupanije<\/strong>\u00a0 organizira stru\u010dnu konferenciju pod nazivom <strong>Zna\u010daj \u017eeljeznice u prometnim sustavima regija<\/strong>. Konferencija \u0107e biti odr\u017eana <strong>14. travnja 2021.<\/strong> godine s po\u010detkom u <strong>10.30 sati,\u00a0<\/strong> u Velikoj vije\u0107nici Vukovarsko-srijemske \u017eupanije, Glagolja\u0161ka 27, Vinkovci.<\/p>\n<p>Obzirom na epidemiolo\u0161ke okolnosti, predvi\u0111eno je da konferencija bude odr\u017eana u\u017eivo za dvadeset pet sudionika te virtualno za ve\u0107i broj \u010dlanova HD\u017dI koji \u017eele pratiti njen program izravno. Svrha konferencije je \u017eupanijske rukovode\u0107e i stru\u010dne strukture funkcionalne regije Isto\u010dna Hrvatska i njihove razvojne agencije upoznati s mogu\u0107nostima i potencijalima \u017eeljeznice kao okosnice javnog prijevoza.<\/p>\n<p>Online pristup konferenciji bit \u0107e omogu\u0107en preko platforme Zoom, a <strong>svi zainteresirani \u010dlanovi HD\u017dI mogu se prijaviti za sudjelovanje do 8. travnja 2021. godine<\/strong> na <span style=\"color: #0000ff;\"><strong><a style=\"color: #0000ff;\" href=\"mailto:konferencija@hdzi.hr\">konferencija@hdzi.hr<\/a><\/strong><\/span> , nakon \u010dega \u0107e dobiti povratan odgovor s uputama za pristup konferenciji.<\/p>\n<p><span style=\"color: #000080;\"><strong>PROGRAM KONFERENCIJE<\/strong><\/span><\/p>\n<table width=\"785\">\n<tbody>\n<tr>\n<td style=\"width: 775.8px;\" colspan=\"2\"><span style=\"color: #000080;\"><strong>10.00\u00a0 \u00a0Prijava sudionika<\/strong><\/span><\/td>\n<\/tr>\n<tr>\n<td style=\"width: 775.8px;\" colspan=\"2\"><span style=\"color: #000080;\"><strong>10.30\u00a0 \u00a0Pozdravne rije\u010di <\/strong>(predvi\u0111eni govornici)<\/span><\/td>\n<\/tr>\n<tr>\n<td style=\"width: 68.2833px;\"><\/td>\n<td style=\"width: 701.917px;\"><span style=\"color: #000080;\"><strong>Goran Horvat<\/strong><em>, predsjednik Hrvatskog dru\u0161tva \u017eeljezni\u010dkih in\u017eenjera <\/em><\/span><\/td>\n<\/tr>\n<tr>\n<td style=\"width: 68.2833px;\"><\/td>\n<td style=\"width: 701.917px;\"><span style=\"color: #000080;\"><strong>\u017deljko Uki\u0107<\/strong><em>, predsjednik Uprave H\u017d Putni\u010dkog prijevoza<\/em><\/span><\/td>\n<\/tr>\n<tr>\n<td style=\"width: 68.2833px;\"><\/td>\n<td style=\"width: 701.917px;\"><span style=\"color: #000080;\"><strong>Ivan Kr\u0161i\u0107<\/strong><em>, predsjednik Uprave H\u017d Infrastrukture<\/em><\/span><\/td>\n<\/tr>\n<tr>\n<td style=\"width: 68.2833px;\"><\/td>\n<td style=\"width: 701.917px;\"><span style=\"color: #000080;\"><strong>Bo\u017eo Gali\u0107<\/strong><em>, \u017eupan Vukovarsko-srijemske \u017eupanije<\/em><\/span><\/td>\n<\/tr>\n<tr>\n<td style=\"width: 775.8px;\" colspan=\"2\"><span style=\"color: #000080;\"><strong>Uvodna izlaganja<\/strong><\/span><\/td>\n<\/tr>\n<tr>\n<td style=\"width: 68.2833px;\"><strong><span style=\"color: #000080;\">11.00<\/span><\/strong><\/td>\n<td style=\"width: 701.917px;\"><span style=\"color: #000080;\"><em>2021. godina &#8211; Europska godina \u017eeljeznice<\/em> &#8211; <strong>Ante Macan<\/strong>, HD\u017dI<\/span><\/td>\n<\/tr>\n<tr>\n<td style=\"width: 68.2833px;\"><strong><span style=\"color: #000080;\">11.10<\/span><\/strong><\/td>\n<td style=\"width: 701.917px;\"><span style=\"color: #000080;\"><em>Glavni plan razvoja prometnog sustava funkcionalne regije Isto\u010dna Hrvatska<\/em> &#8211; <strong>Ivica Perica,<\/strong> UMiUM d.o.o.<\/span><\/td>\n<\/tr>\n<tr>\n<td style=\"width: 68.2833px;\"><strong><span style=\"color: #000080;\">11.25<\/span><\/strong><\/td>\n<td style=\"width: 701.917px;\"><span style=\"color: #000080;\"><em>Transportno-logisti\u010dki centar Vukovarsko-srijemske \u017eupanije<\/em> &#8211; <strong>Goran Koprivnjak<\/strong>, Razvojna agencija Vukovarsko-srijemske \u017eupanije<\/span><\/td>\n<\/tr>\n<tr>\n<td style=\"width: 68.2833px;\"><strong><span style=\"color: #000080;\">11.40<\/span><\/strong><\/td>\n<td style=\"width: 701.917px;\"><span style=\"color: #000080;\"><em>Plan provedbe IPP-a na zagreba\u010dkom podru\u010dju &#8211;<\/em> <strong>Damir Kapu\u0111ija<\/strong>, IPZP d.o.o.<\/span><\/td>\n<\/tr>\n<tr>\n<td style=\"width: 68.2833px;\"><strong><span style=\"color: #000080;\">11.55<\/span><\/strong><\/td>\n<td style=\"width: 701.917px;\"><span style=\"color: #000080;\"><em>Mogu\u0107nosti financiranja putni\u010dkih vlakova <\/em><em>&#8211;<\/em><em>\u00a0 <\/em><strong>Marin Dokoza<\/strong>, Ernst&amp;Young\u00a0 Savjetovanje d.o.o.<\/span><\/td>\n<\/tr>\n<tr>\n<td style=\"width: 775.8px;\" colspan=\"2\"><span style=\"color: #000080;\"><strong>Izazovi i dostignu\u0107a \u017eeljezni\u010dke industrije<\/strong><\/span><\/td>\n<\/tr>\n<tr>\n<td style=\"width: 68.2833px;\"><strong><span style=\"color: #000080;\">12.10<\/span><\/strong><\/td>\n<td style=\"width: 701.917px;\"><span style=\"color: #000080;\"><em>Arhitektura i funkcionalni zahtjevi na suvremene informacijsko komunikacijske sustave u podr\u0161ci integriranog prijevoza putnika<\/em> &#8211; <strong>dr.sc. Kre\u0161imir Vidovi\u0107<\/strong>, Ericsson Nikola Tesla d.d.<\/span><\/td>\n<\/tr>\n<tr>\n<td style=\"width: 68.2833px;\"><strong><span style=\"color: #000080;\">12.25<\/span><\/strong><\/td>\n<td style=\"width: 701.917px;\"><span style=\"color: #000080;\"><em>Siemens vlakovi s alternativnim pogonom<\/em> \u2013 <strong>Bruno Gabud<\/strong>, Siemens Mobility Austria GmbH<\/span><\/td>\n<\/tr>\n<tr>\n<td style=\"width: 68.2833px;\"><strong><span style=\"color: #000080;\">12.40<\/span><\/strong><\/td>\n<td style=\"width: 701.917px;\"><span style=\"color: #000080;\"><em>Zelena mobilnost \u2013 Alstom <\/em>\u201cEmission free\u201d <em>regionalni vlakovi za ne-elektrificirane pruge <\/em>\u00a0\u2013 <strong>\u0110urica Mi\u0161in<\/strong>, Alstom Transportation<\/span><\/td>\n<\/tr>\n<tr>\n<td style=\"width: 68.2833px;\"><strong><span style=\"color: #000080;\">12.55<\/span><\/strong><\/td>\n<td style=\"width: 701.917px;\"><span style=\"color: #000080;\"><em>Vlakovi iz Kon\u010dara na prugama Hrvatske, danas i sutra<\/em> \u2013 <strong>Ivica Gr\u0161kovi\u0107<\/strong>, Kon\u010dar &#8211; Elektri\u010dna vozila d.d.<\/span><\/td>\n<\/tr>\n<tr>\n<td style=\"width: 775.8px;\" colspan=\"2\"><span style=\"color: #000080;\"><strong>13.10\u00a0 \u00a0Zavr\u0161etak konferencije<\/strong><\/span><\/td>\n<\/tr>\n<\/tbody>\n<\/table>\n<p>&nbsp;<\/p>\n","protected":false},"excerpt":{"rendered":"","protected":false},"author":2,"featured_media":157,"comment_status":"open","ping_status":"open","sticky":false,"template":"","format":"standard","meta":{"_et_pb_use_builder":"","_et_pb_old_content":"","_et_gb_content_width":"","footnotes":""},"categories":[1],"tags":[],"class_list":["post-2605","post","type-post","status-publish","format-standard","has-post-thumbnail","hentry","category-uncategorized"],"_links":{"self":[{"href":"https:\/\/hdzi.hr\/wpnew\/index.php?rest_route=\/wp\/v2\/posts\/2605","targetHints":{"allow":["GET"]}}],"collection":[{"href":"https:\/\/hdzi.hr\/wpnew\/index.php?rest_route=\/wp\/v2\/posts"}],"about":[{"href":"https:\/\/hdzi.hr\/wpnew\/index.php?rest_route=\/wp\/v2\/types\/post"}],"author":[{"embeddable":true,"href":"https:\/\/hdzi.hr\/wpnew\/index.php?rest_route=\/wp\/v2\/users\/2"}],"replies":[{"embeddable":true,"href":"https:\/\/hdzi.hr\/wpnew\/index.php?rest_route=%2Fwp%2Fv2%2Fcomments&post=2605"}],"version-history":[{"count":19,"href":"https:\/\/hdzi.hr\/wpnew\/index.php?rest_route=\/wp\/v2\/posts\/2605\/revisions"}],"predecessor-version":[{"id":2651,"href":"https:\/\/hdzi.hr\/wpnew\/index.php?rest_route=\/wp\/v2\/posts\/2605\/revisions\/2651"}],"wp:featuredmedia":[{"embeddable":true,"href":"https:\/\/hdzi.hr\/wpnew\/index.php?rest_route=\/wp\/v2\/media\/157"}],"wp:attachment":[{"href":"https:\/\/hdzi.hr\/wpnew\/index.php?rest_route=%2Fwp%2Fv2%2Fmedia&parent=2605"}],"wp:term":[{"taxonomy":"category","embeddable":true,"href":"https:\/\/hdzi.hr\/wpnew\/index.php?rest_route=%2Fwp%2Fv2%2Fcategories&post=2605"},{"taxonomy":"post_tag","embeddable":true,"href":"https:\/\/hdzi.hr\/wpnew\/index.php?rest_route=%2Fwp%2Fv2%2Ftags&post=2605"}],"curies":[{"name":"wp","href":"https:\/\/api.w.org\/{rel}","templated":true}]}}