{"id":2683,"date":"2021-04-17T09:31:14","date_gmt":"2021-04-17T09:31:14","guid":{"rendered":"https:\/\/hdzi.hr\/wpnew\/?p=2683"},"modified":"2022-01-07T08:23:07","modified_gmt":"2022-01-07T08:23:07","slug":"odrzana-konferencija-znacaj-zeljeznice-u-prometnim-sustavima-regija","status":"publish","type":"post","link":"https:\/\/hdzi.hr\/wpnew\/?p=2683","title":{"rendered":"Odr\u017eana konferencija: Zna\u010daj \u017eeljeznice u prometnim sustavima regija"},"content":{"rendered":"<p><!--more--><strong>U Vinkovcima je 14. travnja 2021. odr\u017eana konferencija <em>Zna\u010daj \u017eeljeznice u prometnim sustavima regija<\/em> u organizaciji Hrvatskog dru\u0161tva \u017eeljezni\u010dkih in\u017eenjera (HD\u017dI) i Vukovarsko-srijemske \u017eupanije.<\/strong><\/p>\n<p>U uvodnom dijelu konferencije predsjednik HD\u017dI-a Goran Horvat istaknuo je da su se ulaskom RH u EU otvorile nove mogu\u0107nosti vezane uz razvoj \u017eeljeznice i dodao:<\/p>\n<p>\u2013 Cilj nam je danas regionalnoj \u00a0zajednici prezentirati modele \u00a0pomo\u0107u kojih mo\u017ee aktivno sudjelovati u razvoju \u017eeljezni\u010dkog sustava pa mo\u017eda \u010dak i kupiti vlak te ga koristiti za svoje potrebe. Jednako tako, ovom konferencijom \u017eelimo sve dionike upoznati s najnovijim tehnolo\u0161kim dostignu\u0107ima vezanim uz \u017eeljezni\u010dki putni\u010dki prijevoz s naglaskom na vlakove na alternativne pogone.<\/p>\n<p>Kao pozitivan primjer istaknute su poljske regije koje su sredstvima EU-a kupile vlakove i obnovile lokalne pruge, a prikazan je i prilog o radnom sastanku,\u00a0koji je u Vukovaru odr\u017ean u studenom 2019., na kojem su\u00a0predstavnici Velikopoljske regije uz predstavnike nadle\u017enih ministarstava i H\u017d Infrastrukture razgovarali o\u00a0mogu\u0107nostima obnove \u017eeljezni\u010dke infrastrukture, koje uklju\u010duju nabavu prijevoznih sredstava.<\/p>\n<p>U nastavku konferencije predsjednik Uprave H\u017d Putni\u010dkog prijevoza \u017deljko Uki\u0107 istaknuo je pobolj\u0161anja u \u017eeljezni\u010dkom putni\u010dkom prijevozu na podru\u010dju Slavonije i nova ulaganja u vlakove:<\/p>\n<ul>\n<li>H\u017dPP ima 28 novih vlakova, a sva ostala vozila stara su preko 40 godina. Izuzetno je te\u0161ko s takvim voznim parkom odr\u017eavati konkurentnost kvalitetnog prijevoza. Master planovi stavljaju \u017eeljeznicu u prvi plan da bude okosnica javnog prijevoza i da se na posve drugi na\u010din organizira lokalni prijevoz u smislu integriranog prijevoza koji bi podigao razinu usluge, ali za to treba vremena. Pro\u0161le godine u listopadu uveli smo novi vlak na relaciji Vinkovci \u2013 Osijek da poka\u017eemo ovom dijelu Hrvatske nova prijevozna sredstva i koliko se njima bitno podi\u017ee kvaliteta prijevoza. Uz to, nastojali smo izravnim linijama bolje povezati Osijek i Zagreb, kao i Slavonski Brod i Osijek. Uz usporedna ulaganja u \u017eeljezni\u010dku infrastrukturu, sukladno Programu Vlade RH i Strategiji prometnog razvoja RH 2017. \u2013 2030., H\u017dPP nastavlja s ulaganjima u vozni parka, a kroz Nacionalni plan oporavka i otpornosti u suradnji s resornim ministarstvom i Kon\u010dar \u2013 Elektri\u010dnim vozilima nominirali smo nabavu novih baterijskih i elektrobaterijskih vlakova.<\/li>\n<\/ul>\n<p>U sklopu novoga investicijskog ciklusa H\u017dPP-a bit \u0107e nabavljena 33 elektromotorna niskopodna vlaka koja \u0107e u prometu biti tijekom 2021., 2022. i 2023. godine, a do kraja 2024. u prometu bi trebalo biti i 7 novih dizel-motornih vlakova. Do kraja ove godine u prometu \u0107e biti sedam novih elektromotornih vlakova.<\/p>\n<p>O Glavnom planu razvoja prometnog sustava funkcionalne regije Isto\u010dna Hrvatska govorio je Ivica Perica, direktor tvrtke UmiUM d.o.o. koja je izradila navedeni plan. Ocijenio je poraznim podatak prema kojemu 70 % stanovnika s istoka Slavonije ne koristi vlak kao prijevozno sredstvo i dodao:<\/p>\n<p>&#8211; U Master planu smo naveli mjere koje \u0107e potencijalno omogu\u0107iti lokalnoj zajednici prijave projekata za EU sredstva i nadamo se da smo im pomogli. U Europi postoji laka \u017eeljeznica, ne\u0161to \u0161to i mi predla\u017eemo, u kojoj nema spu\u0161tanja pod zemlju, ve\u0107 ona vozi po povr\u0161ini.<\/p>\n<p>U ime doma\u0107ina konferencije Vukovarsko-srijemske \u017eupanije \u017eupan Bo\u017eo Gali\u0107 izjavio je:<\/p>\n<ul>\n<li>Osiguranim sredstvima za sljede\u0107e razdoblje preko EU fondova vjerujemo kako \u0107e se vratiti stari sjaj Vinkovcima kao \u017eeljezni\u010dkom centru Hrvatske i \u017eeljezni\u010dkom \u010dvori\u0161tu teretnih i putni\u010dkih vlakova, tako da \u0107e uz najvi\u0161e upotrebljavani putni\u010dki pravac Vinkovci \u2013 Osijek, Vinkovci biti i \u010dvori\u0161te prema Br\u010dkom, Subotici, Beogradu, Zagrebu i Sarajevu, ba\u0161 kao \u0161to je to nekada i bilo.<\/li>\n<\/ul>\n<p>Tijekom konferencije izlaganja su odr\u017eali i Ante Macan iz HD\u017dI-a na temu <em>2021. godina &#8211; Europska godina \u017eeljeznice<\/em>, a Goran Koprivnjak iz Razvojne agencije Vukovarsko-srijemske \u017eupanije predstavio je Transportno-logisti\u010dki centar Vukovarsko-srijemske \u017eupanije koji \u0107e se na 146 hektara graditi na mjestu nekada\u0161njega vinkova\u010dkog ran\u017eirnog kolodvora. Ukupna investicija koja ima izvrstan geostrate\u0161ki polo\u017eaj vrijedna je 305 milijuna kuna.<\/p>\n<p>U nastavku konferencije Plan provedbe integriranog prijevoza putnika na zagreba\u010dkom podru\u010dju predstavio je Damir Kapu\u0111ija iz IPZP-a d.o.o., a vi\u0161e o mogu\u0107nostima financiranja putni\u010dkih vlakova govorio je Marin Dokoza iz Ernst&amp;Young savjetovanja d.o.o.<\/p>\n<p>U dijelu konferencije koja je bila posve\u0107ena izazovima i dostignu\u0107ima \u017eeljezni\u010dke industrije dr. sc. Kre\u0161imir Vidovi\u0107 iz Ericssona Nikole Tesle d.d. odr\u017eao je predavanje na temu <em>Arhitektura i funkcionalni zahtjevi na suvremene informacijsko komunikacijske sustave u podr\u0161ci integriranog prijevoza putnika<\/em>, a o novim tehnologijama koje se koriste u \u017eeljezni\u010dkom prijevozu govorili su Bruno Gabud iz Siemens Mobility koji je predstavio vlakove Siemensa s alternativnim pogonom, i \u0110urica Mi\u0161in iz Alstom Grupe koji je predstavio Alstomove vlakove na vodik koji se koriste u Njema\u010dkoj. Zavr\u0161no izlaganje na temu <em>Vlakovi iz Kon\u010dara na prugama Hrvatske &#8211; danas i sutra<\/em> odr\u017eao je Ivica \u00a0Gr\u0161kovi\u0107 iz Kon\u010dar \u2013 Elektri\u010dnih vozila, u sklopu kojega je predstavio i projekt razvoja dva prototipa baterijskih vlakova\u00a0koji bi u skladu s Nacionalnom planu oporavka i otpornosti trebali u prometu na hrvatskim prugama biti do kraja 2024. godine.<\/p>\n<p><strong>Prezentacije:<\/strong><\/p>\n<table style=\"width: 842px;\">\n<tbody>\n<tr>\n<td style=\"width: 828.6px;\"><span style=\"color: #0000ff;\"><a style=\"color: #0000ff;\" href=\"https:\/\/hdzi.hr\/wpnew\/wp-content\/uploads\/2021\/04\/1_Ante_Macan_HD\u017dI_prezentacija_Vinkovci.pdf\"><em>2021. godina &#8211; Europska godina \u017eeljeznice<\/em><\/a> <span style=\"color: #333333;\">&#8211; <span style=\"color: #000000;\">Ante Macan, HD\u017dI<\/span><\/span><\/span><\/td>\n<\/tr>\n<tr>\n<td style=\"width: 828.6px;\"><span style=\"color: #0000ff;\"><a style=\"color: #0000ff;\" href=\"https:\/\/hdzi.hr\/wpnew\/wp-content\/uploads\/2021\/04\/UMIUM.pdf\"><em>Glavni plan razvoja prometnog sustava funkcionalne regije Isto\u010dna Hrvatska<\/em> <\/a><span style=\"color: #333333;\">&#8211; Ivica Perica, UMiUM d.o.o.<\/span><\/span><\/td>\n<\/tr>\n<tr>\n<td style=\"width: 828.6px;\"><a href=\"https:\/\/hdzi.hr\/wpnew\/wp-content\/uploads\/2021\/04\/TLC-VSZ-14-04-2021.pdf\"><em><span style=\"color: #0000ff;\">Transportno-logisti\u010dki centar Vukovarsko-srijemske \u017eupanije<\/span><\/em><\/a> &#8211; <span style=\"color: #000000;\">Goran Koprivnjak, Razvojna agencija VS\u017d<\/span><\/td>\n<\/tr>\n<tr>\n<td style=\"width: 828.6px;\"><em><span style=\"color: #0000ff;\"><a style=\"color: #0000ff;\" href=\"https:\/\/hdzi.hr\/wpnew\/wp-content\/uploads\/2021\/04\/HDZI_IPZP_v3.pdf\">Plan provedbe IPP-a na zagreba\u010dkom podru\u010dju<\/a> <\/span>&#8211;<\/em> <span style=\"color: #000000;\">Damir Kapu\u0111ija, IPZP d.o.o.<\/span><\/td>\n<\/tr>\n<tr>\n<td style=\"width: 828.6px;\"><span style=\"color: #0000ff;\"><a style=\"color: #0000ff;\" href=\"https:\/\/hdzi.hr\/wpnew\/wp-content\/uploads\/2021\/04\/Konferencija_PPT_EYS_mogu\u0107nosti-financiranja-putni\u010dkih-vlakova.pdf\"><em>Mogu\u0107nosti financiranja putni\u010dkih vlakova <\/em><\/a><\/span><em>&#8211;<\/em><em>\u00a0 <\/em><span style=\"color: #000000;\">Marin Dokoza, Ernst&amp;Young\u00a0 Savjetovanje d.o.o.<\/span><\/td>\n<\/tr>\n<tr>\n<td style=\"width: 828.6px;\"><span style=\"color: #0000ff;\"><a style=\"color: #0000ff;\" href=\"https:\/\/hdzi.hr\/wpnew\/wp-content\/uploads\/2021\/04\/HDZI_ETK_Vinkovci.pdf\"><em>Arhitektura i funkcionalni zahtjevi na suvremene informacijsko komunikacijske sustave u podr\u0161ci integriranog prijevoza putnika<\/em> <\/a><\/span>&#8211; <span style=\"color: #000000;\">dr.sc. Kre\u0161imir Vidovi\u0107, Ericsson Nikola Tesla d.d.<\/span><\/td>\n<\/tr>\n<tr>\n<td style=\"width: 828.6px;\"><span style=\"color: #0000ff;\"><a style=\"color: #0000ff;\" href=\"https:\/\/hdzi.hr\/wpnew\/wp-content\/uploads\/2021\/04\/Siemens-Mobility_VINKOVCI_04-2021.pdf\"><em>Siemens vlakovi s alternativnim pogonom<\/em><\/a> <\/span>\u2013 <span style=\"color: #000000;\">Bruno Gabud, Siemens Mobility Austria GmbH<\/span><\/td>\n<\/tr>\n<tr>\n<td style=\"width: 828.6px;\"><span style=\"color: #0000ff;\"><a style=\"color: #0000ff;\" href=\"https:\/\/hdzi.hr\/wpnew\/wp-content\/uploads\/2021\/04\/Alstom-Green-Mobility-Solutions-for-non-electrified-lines-\u2013-Emission-free-Regional-trains.pdf\"><em>Zelena mobilnost \u2013 Alstom <\/em>\u201cEmission free\u201d <em>regionalni vlakovi za ne-elektrificirane pruge <\/em><\/a><\/span>\u00a0\u2013 \u0110urica Mi\u0161in, Alstom Transportation<\/td>\n<\/tr>\n<tr>\n<td style=\"width: 828.6px;\"><span style=\"color: #0000ff;\"><a style=\"color: #0000ff;\" href=\"https:\/\/hdzi.hr\/wpnew\/wp-content\/uploads\/2021\/04\/9_KONCAR_VOZILA_VINKOVCI_2.pdf\"><em>Vlakovi iz Kon\u010dara na prugama Hrvatske, danas i sutra<\/em> <\/a><\/span>\u2013 <span style=\"color: #000000;\">Ivica Gr\u0161kovi\u0107, Kon\u010dar &#8211; Elektri\u010dna vozila d.d.<\/span><\/td>\n<\/tr>\n<\/tbody>\n<\/table>\n<p><strong>Galerija fotografija<\/strong>:<\/p>\n<p>&nbsp;<\/p>\n<div class=\"et_pb_slider et_pb_slider_fullwidth_off et_pb_gallery_post_type\">\n\t\t\t\t<div class=\"et_pb_slides\">\n\t\t\t\t\t<div class=\"et_pb_slide\" style=\"background: url(https:\/\/hdzi.hr\/wpnew\/wp-content\/uploads\/2021\/04\/HD\u017dI_VS\u017d_konferencija00108.jpg);\"><\/div><div class=\"et_pb_slide\" style=\"background: url(https:\/\/hdzi.hr\/wpnew\/wp-content\/uploads\/2021\/04\/HD\u017dI_VS\u017d_konferencija00087.jpg);\"><\/div><div class=\"et_pb_slide\" style=\"background: url(https:\/\/hdzi.hr\/wpnew\/wp-content\/uploads\/2021\/04\/HD\u017dI_VS\u017d_konferencija00078.jpg);\"><\/div><div class=\"et_pb_slide\" style=\"background: url(https:\/\/hdzi.hr\/wpnew\/wp-content\/uploads\/2021\/04\/HD\u017dI_VS\u017d_konferencija00071.jpg);\"><\/div><div class=\"et_pb_slide\" style=\"background: url(https:\/\/hdzi.hr\/wpnew\/wp-content\/uploads\/2021\/04\/HD\u017dI_VS\u017d_konferencija00060.jpg);\"><\/div><div class=\"et_pb_slide\" style=\"background: url(https:\/\/hdzi.hr\/wpnew\/wp-content\/uploads\/2021\/04\/HD\u017dI_VS\u017d_konferencija00050.jpg);\"><\/div><div class=\"et_pb_slide\" style=\"background: url(https:\/\/hdzi.hr\/wpnew\/wp-content\/uploads\/2021\/04\/HD\u017dI_VS\u017d_konferencija00040.jpg);\"><\/div><div class=\"et_pb_slide\" style=\"background: url(https:\/\/hdzi.hr\/wpnew\/wp-content\/uploads\/2021\/04\/HD\u017dI_VS\u017d_konferencija00033.jpg);\"><\/div><div class=\"et_pb_slide\" style=\"background: url(https:\/\/hdzi.hr\/wpnew\/wp-content\/uploads\/2021\/04\/HD\u017dI_VS\u017d_konferencija00026.jpg);\"><\/div><div class=\"et_pb_slide\" style=\"background: url(https:\/\/hdzi.hr\/wpnew\/wp-content\/uploads\/2021\/04\/HD\u017dI_VS\u017d_konferencija00024.jpg);\"><\/div><div class=\"et_pb_slide\" style=\"background: url(https:\/\/hdzi.hr\/wpnew\/wp-content\/uploads\/2021\/04\/HD\u017dI_VS\u017d_konferencija00021.jpg);\"><\/div><div class=\"et_pb_slide\" style=\"background: url(https:\/\/hdzi.hr\/wpnew\/wp-content\/uploads\/2021\/04\/HD\u017dI_VS\u017d_konferencija00020.jpg);\"><\/div><div class=\"et_pb_slide\" style=\"background: url(https:\/\/hdzi.hr\/wpnew\/wp-content\/uploads\/2021\/04\/HD\u017dI_VS\u017d_konferencija00019.jpg);\"><\/div><div class=\"et_pb_slide\" style=\"background: url(https:\/\/hdzi.hr\/wpnew\/wp-content\/uploads\/2021\/04\/HD\u017dI_VS\u017d_konferencija00017.jpg);\"><\/div><div class=\"et_pb_slide\" style=\"background: url(https:\/\/hdzi.hr\/wpnew\/wp-content\/uploads\/2021\/04\/HD\u017dI_VS\u017d_konferencija00016.jpg);\"><\/div><div class=\"et_pb_slide\" style=\"background: url(https:\/\/hdzi.hr\/wpnew\/wp-content\/uploads\/2021\/04\/HD\u017dI_VS\u017d_konferencija00013.jpg);\"><\/div><div class=\"et_pb_slide\" style=\"background: url(https:\/\/hdzi.hr\/wpnew\/wp-content\/uploads\/2021\/04\/HD\u017dI_VS\u017d_konferencija00011.jpg);\"><\/div><div class=\"et_pb_slide\" style=\"background: url(https:\/\/hdzi.hr\/wpnew\/wp-content\/uploads\/2021\/04\/HD\u017dI_VS\u017d_konferencija00007.jpg);\"><\/div><div class=\"et_pb_slide\" style=\"background: url(https:\/\/hdzi.hr\/wpnew\/wp-content\/uploads\/2021\/04\/HD\u017dI_VS\u017d_konferencija00006.jpg);\"><\/div><div class=\"et_pb_slide\" style=\"background: url(https:\/\/hdzi.hr\/wpnew\/wp-content\/uploads\/2021\/04\/HD\u017dI_VS\u017d_konferencija00005.jpg);\"><\/div><div class=\"et_pb_slide\" style=\"background: url(https:\/\/hdzi.hr\/wpnew\/wp-content\/uploads\/2021\/04\/HD\u017dI_VS\u017d_konferencija00054.jpg);\"><\/div>\n\t\t\t\t<\/div>\n\t\t\t<\/div>\n","protected":false},"excerpt":{"rendered":"","protected":false},"author":2,"featured_media":2684,"comment_status":"open","ping_status":"open","sticky":false,"template":"","format":"standard","meta":{"_et_pb_use_builder":"","_et_pb_old_content":"","_et_gb_content_width":"","footnotes":""},"categories":[18],"tags":[],"class_list":["post-2683","post","type-post","status-publish","format-standard","has-post-thumbnail","hentry","category-arhivanovosti"],"_links":{"self":[{"href":"https:\/\/hdzi.hr\/wpnew\/index.php?rest_route=\/wp\/v2\/posts\/2683","targetHints":{"allow":["GET"]}}],"collection":[{"href":"https:\/\/hdzi.hr\/wpnew\/index.php?rest_route=\/wp\/v2\/posts"}],"about":[{"href":"https:\/\/hdzi.hr\/wpnew\/index.php?rest_route=\/wp\/v2\/types\/post"}],"author":[{"embeddable":true,"href":"https:\/\/hdzi.hr\/wpnew\/index.php?rest_route=\/wp\/v2\/users\/2"}],"replies":[{"embeddable":true,"href":"https:\/\/hdzi.hr\/wpnew\/index.php?rest_route=%2Fwp%2Fv2%2Fcomments&post=2683"}],"version-history":[{"count":17,"href":"https:\/\/hdzi.hr\/wpnew\/index.php?rest_route=\/wp\/v2\/posts\/2683\/revisions"}],"predecessor-version":[{"id":2739,"href":"https:\/\/hdzi.hr\/wpnew\/index.php?rest_route=\/wp\/v2\/posts\/2683\/revisions\/2739"}],"wp:featuredmedia":[{"embeddable":true,"href":"https:\/\/hdzi.hr\/wpnew\/index.php?rest_route=\/wp\/v2\/media\/2684"}],"wp:attachment":[{"href":"https:\/\/hdzi.hr\/wpnew\/index.php?rest_route=%2Fwp%2Fv2%2Fmedia&parent=2683"}],"wp:term":[{"taxonomy":"category","embeddable":true,"href":"https:\/\/hdzi.hr\/wpnew\/index.php?rest_route=%2Fwp%2Fv2%2Fcategories&post=2683"},{"taxonomy":"post_tag","embeddable":true,"href":"https:\/\/hdzi.hr\/wpnew\/index.php?rest_route=%2Fwp%2Fv2%2Ftags&post=2683"}],"curies":[{"name":"wp","href":"https:\/\/api.w.org\/{rel}","templated":true}]}}