{"id":2853,"date":"2021-09-22T06:22:47","date_gmt":"2021-09-22T06:22:47","guid":{"rendered":"https:\/\/hdzi.hr\/wpnew\/?p=2853"},"modified":"2022-01-13T19:59:09","modified_gmt":"2022-01-13T19:59:09","slug":"utjecaj-pandemije-na-javni-prijevoz","status":"publish","type":"post","link":"https:\/\/hdzi.hr\/wpnew\/?p=2853","title":{"rendered":"Anketa: Utjecaj pandemije na javni prijevoz"},"content":{"rendered":"<p><!--more-->Pandemija COVID-19 imala je velik negativan u\u010dinak na sve segmente na\u0161eg \u017eivota, pa tako i na javni prijevoz. Iz tog razloga u sklopu projekta <em><a href=\"https:\/\/www.interreg-central.eu\/Content.Node\/YOUMOBIL.html\">YOUMOBIL <\/a><\/em>provodi se istra\u017eivanje na temu <strong>utjecaja pandemije na kori\u0161tenje javnoga prijevoza<\/strong>.<\/p>\n<p>Istra\u017eivanjem koje se provodi u \u0161est zemalja (DE, IT, CZ, SK, PL, HR) \u017eeli se istra\u017eiti kako su se, zbog pandemije, promijenile navike i mi\u0161ljenja ljudi te kako je pandemija uzrokovala radikalnu promjenu u sustavu mobilnosti.<\/p>\n<p>O\u010dekuje se da \u0107e dugoro\u010dni u\u010dinci pandemije u prometnom sektoru biti vidljivi u godinama koje dolaze, stoga je cilj ankete prikupiti informacije kako su iskustva s pandemijom utjecala na promjene u kori\u0161tenju javnoga prijevoza.<\/p>\n<p>Kako bi Hrvatska imala potreban udio odgovora u ukupnom broju, po\u017eeljno je da anketu popuni \u0161to ve\u0107i broj ljudi, stoga molimo da istoj pristupite na\u00a0linku <u><a href=\"https:\/\/eur02.safelinks.protection.outlook.com\/?url=https%3A%2F%2Fforms.office.com%2Fr%2FxrW9iJQZS9&amp;data=04%7C01%7Czrinka.marchioli%40hzpp.hr%7Cbb1f806b6be94351388a08d979e1be7a%7Cf32f5371201f44eaa67860fbf8de0d18%7C0%7C1%7C637674832744181802%7CUnknown%7CTWFpbGZsb3d8eyJWIjoiMC4wLjAwMDAiLCJQIjoiV2luMzIiLCJBTiI6Ik1haWwiLCJXVCI6Mn0%3D%7C2000&amp;sdata=gkVrfo0R5P%2BQNos7exJIlOuYdr9CcK%2BOD1TNExurY3E%3D&amp;reserved=0\">https:\/\/forms.office.com\/r\/xrW9iJQZS9 <\/a><\/u>\u00a0te popunjavanje zapo\u010dnete odabirom hrvatskoga jezika u gornjem desnom kutu.<\/p>\n<p>&nbsp;<\/p>\n","protected":false},"excerpt":{"rendered":"","protected":false},"author":2,"featured_media":2854,"comment_status":"open","ping_status":"open","sticky":false,"template":"","format":"standard","meta":{"_et_pb_use_builder":"","_et_pb_old_content":"","_et_gb_content_width":"","footnotes":""},"categories":[1],"tags":[],"class_list":["post-2853","post","type-post","status-publish","format-standard","has-post-thumbnail","hentry","category-uncategorized"],"_links":{"self":[{"href":"https:\/\/hdzi.hr\/wpnew\/index.php?rest_route=\/wp\/v2\/posts\/2853","targetHints":{"allow":["GET"]}}],"collection":[{"href":"https:\/\/hdzi.hr\/wpnew\/index.php?rest_route=\/wp\/v2\/posts"}],"about":[{"href":"https:\/\/hdzi.hr\/wpnew\/index.php?rest_route=\/wp\/v2\/types\/post"}],"author":[{"embeddable":true,"href":"https:\/\/hdzi.hr\/wpnew\/index.php?rest_route=\/wp\/v2\/users\/2"}],"replies":[{"embeddable":true,"href":"https:\/\/hdzi.hr\/wpnew\/index.php?rest_route=%2Fwp%2Fv2%2Fcomments&post=2853"}],"version-history":[{"count":4,"href":"https:\/\/hdzi.hr\/wpnew\/index.php?rest_route=\/wp\/v2\/posts\/2853\/revisions"}],"predecessor-version":[{"id":2859,"href":"https:\/\/hdzi.hr\/wpnew\/index.php?rest_route=\/wp\/v2\/posts\/2853\/revisions\/2859"}],"wp:featuredmedia":[{"embeddable":true,"href":"https:\/\/hdzi.hr\/wpnew\/index.php?rest_route=\/wp\/v2\/media\/2854"}],"wp:attachment":[{"href":"https:\/\/hdzi.hr\/wpnew\/index.php?rest_route=%2Fwp%2Fv2%2Fmedia&parent=2853"}],"wp:term":[{"taxonomy":"category","embeddable":true,"href":"https:\/\/hdzi.hr\/wpnew\/index.php?rest_route=%2Fwp%2Fv2%2Fcategories&post=2853"},{"taxonomy":"post_tag","embeddable":true,"href":"https:\/\/hdzi.hr\/wpnew\/index.php?rest_route=%2Fwp%2Fv2%2Ftags&post=2853"}],"curies":[{"name":"wp","href":"https:\/\/api.w.org\/{rel}","templated":true}]}}