{"id":3281,"date":"2022-06-26T07:22:15","date_gmt":"2022-06-26T07:22:15","guid":{"rendered":"https:\/\/hdzi.hr\/wpnew\/?p=3281"},"modified":"2022-08-29T18:35:53","modified_gmt":"2022-08-29T18:35:53","slug":"kick-off-sastanak-projekta-rail-ing-network","status":"publish","type":"post","link":"https:\/\/hdzi.hr\/wpnew\/?p=3281","title":{"rendered":"Kick-off sastanak projekta Rail-Ing Network"},"content":{"rendered":"<p><!--more-->Od 16. do 18. lipnja 2022. godine odr\u017ean je po\u010detni sastanak (kick-off) partnera projekta <strong>Rail-Ing Network<\/strong>. Naziv ovog projekta mo\u017ee se prevesti kao \u201eStrukovna mre\u017ea \u017eeljezni\u010dkih in\u017eenjera\u201c, a financiran je bespovratnim sredstvima u okviru EU projekata Erasmus+. Osim turskog dru\u0161tva \u017eeljezni\u010dkih in\u017eenjera <strong>Dem\u00fchder<\/strong>, koji je i vode\u0107i partner, u projektu jo\u0161 sudjeluju tvrtka <strong>Certifer Aebt<\/strong> iz Njema\u010dke i <strong>Hrvatsko dru\u0161tvo \u017eeljezni\u010dkih in\u017eenjera<\/strong> (HD\u017dI).<\/p>\n<div id=\"attachment_3311\" style=\"width: 594px\" class=\"wp-caption aligncenter\"><img loading=\"lazy\" decoding=\"async\" aria-describedby=\"caption-attachment-3311\" class=\"wp-image-3311\" src=\"https:\/\/hdzi.hr\/wpnew\/wp-content\/uploads\/2022\/06\/Projektni-tim-1024x768.jpg\" alt=\"\" width=\"584\" height=\"438\" \/><p id=\"caption-attachment-3311\" class=\"wp-caption-text\">Projektni tim<\/p><\/div>\n<p>Po\u010detnom sastanku projekta, koji \u0107e se provoditi pod koordinacijom turskog dru\u0161tva \u017eeljezni\u010dkih in\u017eenjera Dem\u00fchder, nazo\u010dili su \u010dlanovi projektnog tima HD\u017dI-a, generalni direktor tvrtke Certifer Njema\u010dka i njihovog ureda iz Turske, projektni timovi relevantnih dionika, stru\u010dnjaci turske nacionalne agencije, predsjednik Upravnog odbora i generalni direktor TCDD-a Metin Akba\u015f i zamjenik generalnog direktora TCDD Ta\u015f\u0131mac\u0131l\u0131k A.\u015e Erol Ar\u0131kan.<\/p>\n<div id=\"attachment_3306\" style=\"width: 401px\" class=\"wp-caption alignleft\"><img loading=\"lazy\" decoding=\"async\" aria-describedby=\"caption-attachment-3306\" class=\"wp-image-3306\" src=\"https:\/\/hdzi.hr\/wpnew\/wp-content\/uploads\/2022\/06\/Cetin-Tekin-1.jpg\" alt=\"\" width=\"391\" height=\"260\" \/><p id=\"caption-attachment-3306\" class=\"wp-caption-text\">\u00c7etin Tekin<\/p><\/div>\n<p>Sastanak je zapo\u010deo pozdravnim govorom predsjednika Dem\u00fchder-a <strong>\u00c7etina Tekina<\/strong>, koji je naglasio kako se od projekta o\u010dekuje dobiti model primjenjivog procesa certificiranja in\u017eenjera koji rade u \u017eeljezni\u010dkom sektoru. Pri tome, kao jedan od zna\u010dajnijih certifikacijskih postupaka za certificiranje in\u017eenjera na \u017eeljeznici je i \u201eEURAIL-ING\u201c koji se provodi prema procesu Europske unije udru\u017eenja in\u017eenjera \u017eeljeznice (UEEIV), a u Hrvatskoj ga provodi HD\u017dI. \u00a0Kolege iz Dem\u00fchder-a \u017eele za TCDD dizajnirati najbolji sustav certificiranja prilago\u0111en njihovim potrebama, pri tome koriste\u0107i najbolje europske prakse. Uz prikupljanje i sistematiziranje znanja i spoznaja po navedenom pitanju svih partnera, sekundarni cilj projekta je uspostava strukovne mre\u017ee, kako bi in\u017eenjeri me\u0111usobno mogli razmjenjivati znanja i iskustva na svim podru\u010djima \u017eeljezni\u010dkih sustava.<\/p>\n<p><img loading=\"lazy\" decoding=\"async\" class=\"aligncenter size-medium wp-image-3301\" src=\"https:\/\/hdzi.hr\/wpnew\/wp-content\/uploads\/2022\/06\/0S5A9054-Cetin-Tekin.jpg\" alt=\"\" width=\"1\" height=\"1\" \/> <img loading=\"lazy\" decoding=\"async\" class=\"aligncenter size-medium wp-image-3301\" src=\"https:\/\/hdzi.hr\/wpnew\/wp-content\/uploads\/2022\/06\/0S5A9054-Cetin-Tekin.jpg\" alt=\"\" width=\"1\" height=\"1\" \/><\/p>\n<p>Uz predsjednika Dem\u00fchder-a, skup su pozdravili \u00a0predsjednik HD\u017dI-a <strong>Goran Horvat<\/strong> i <strong>Selda B\u0131y\u0131kl\u0131<\/strong>, generalna direktorica tvrtke Certifer Njema\u010dka.<\/p>\n<div id=\"attachment_3318\" style=\"width: 361px\" class=\"wp-caption alignleft\"><img loading=\"lazy\" decoding=\"async\" aria-describedby=\"caption-attachment-3318\" class=\"wp-image-3318\" src=\"https:\/\/hdzi.hr\/wpnew\/wp-content\/uploads\/2022\/06\/DSC6388-Goran-bolje-1-1024x684.jpg\" alt=\"\" width=\"351\" height=\"234\" \/><p id=\"caption-attachment-3318\" class=\"wp-caption-text\">Goran Horvat<\/p><\/div>\n<div id=\"attachment_3319\" style=\"width: 361px\" class=\"wp-caption alignright\"><img loading=\"lazy\" decoding=\"async\" aria-describedby=\"caption-attachment-3319\" class=\"wp-image-3319\" src=\"https:\/\/hdzi.hr\/wpnew\/wp-content\/uploads\/2022\/06\/Selda-1.jpg\" alt=\"\" width=\"351\" height=\"234\" \/><p id=\"caption-attachment-3319\" class=\"wp-caption-text\">Selda B\u0131y\u0131kl\u0131<\/p><\/div>\n<p>&nbsp;<\/p>\n<p>&nbsp;<\/p>\n<p>&nbsp;<\/p>\n<p>&nbsp;<\/p>\n<p>&nbsp;<\/p>\n<p>&nbsp;<\/p>\n<p>&nbsp;<\/p>\n<p>&nbsp;<\/p>\n<p>Nakon pozdravnih govora predstavnika partnera u projektu, nazo\u010dnim \u010dlanovima projektnog tima se obratio generalni direktor TCDD-a <strong>Metin Akba\u015f<\/strong>. U svom obra\u0107anju pozdravio je inicijativu i ciljeve projekta te naglasio strate\u0161ku suradnju TCDD-a i turskog dru\u0161tva \u017eeljezni\u010dkih in\u017eenjera. Time je jasno dao do znanja kako sna\u017ean i uspje\u0161an \u017eeljezni\u010dki sustav ne mo\u017ee bez svojeg in\u017eenjerskog kadra, koji je nositelj svakog razvoja i napretka. Izrazio je veliko zadovoljstvo \u0161to na ovom projektu sudjeluju i in\u017eenjeri iz Hrvatske i Njema\u010dke te potrebu da za me\u0111usobnom razmjenom znanja i iskustava, istaknuv\u0161i najzna\u010dajnije projekte TCDD-a i osnovne smjernice razvojnih planova do 2053. godine. Svoj govor zavr\u0161io je naglaskom na dugoro\u010dnom povezivanju partnera, \u0161to daje dodatnu vrijednost ovom projektu, te zahvalio svim sudionicima na dosada\u0161njem i budu\u0107em trudu.<\/p>\n<p>&nbsp;<\/p>\n<div id=\"attachment_3324\" style=\"width: 362px\" class=\"wp-caption alignleft\"><img loading=\"lazy\" decoding=\"async\" aria-describedby=\"caption-attachment-3324\" class=\"wp-image-3324 \" src=\"https:\/\/hdzi.hr\/wpnew\/wp-content\/uploads\/2022\/06\/DSC6420-Gen-Dir-1-1024x684.jpg\" alt=\"\" width=\"352\" height=\"235\" \/><p id=\"caption-attachment-3324\" class=\"wp-caption-text\">Metin Akba\u015f<\/p><\/div>\n<div id=\"attachment_3325\" style=\"width: 362px\" class=\"wp-caption alignright\"><img loading=\"lazy\" decoding=\"async\" aria-describedby=\"caption-attachment-3325\" class=\"wp-image-3325 \" src=\"https:\/\/hdzi.hr\/wpnew\/wp-content\/uploads\/2022\/06\/DSC6515-razgovor-s-gen-dir-najnajbolje-2-1024x684.jpg\" alt=\"\" width=\"352\" height=\"235\" \/><p id=\"caption-attachment-3325\" class=\"wp-caption-text\">Razgovor predstavnika HD\u017dI-a s Metinom Akba\u015fom<\/p><\/div>\n<p>&nbsp;<\/p>\n<p>&nbsp;<\/p>\n<p>&nbsp;<\/p>\n<p>&nbsp;<\/p>\n<p>&nbsp;<\/p>\n<p>&nbsp;<\/p>\n<p>&nbsp;<\/p>\n<p>&nbsp;<\/p>\n<p>Nakon govora Metina Akba\u015fa, predstavnici partnera projekta su svojim izlaganjima imali prigodu predstaviti svoje organizacije, njihove kapacitete i dosada\u0161nje rezultate.<\/p>\n<p>Drugog dana sastanka obavljen je tehni\u010dki posjet upravi \u017eeljezni\u010dkog centra za edukaciju osoblja TCDD Ta\u015f\u0131mac\u0131l\u0131k A\u015e Eski\u015fehir te je razmijenjeno zajedni\u010dko iskustvo o digitalnim aplikacijama i njihovoj primjenu pri treningu \u017eeljezni\u010dkog osoblja.<\/p>\n<div id=\"attachment_3313\" style=\"width: 623px\" class=\"wp-caption aligncenter\"><img loading=\"lazy\" decoding=\"async\" aria-describedby=\"caption-attachment-3313\" class=\"wp-image-3313\" src=\"https:\/\/hdzi.hr\/wpnew\/wp-content\/uploads\/2022\/06\/Trening-centar-1.jpg\" alt=\"\" width=\"613\" height=\"381\" \/><p id=\"caption-attachment-3313\" class=\"wp-caption-text\">Projektni tim ispred Edukacijskog centra TCDD-a u Eskisehiru<\/p><\/div>\n<p>Nakon provedenih planiranih aktivnosti uz aktivno sudjelovanje svih partnera, sastanak je zavr\u0161en uz dogovor oko termina i dnevnog reda sljede\u0107eg sastanka koji se ima odr\u017eati u rujnu u Berlinu.<\/p>\n<p>&nbsp;<\/p>\n<p>&nbsp;<\/p>\n","protected":false},"excerpt":{"rendered":"","protected":false},"author":2,"featured_media":3283,"comment_status":"open","ping_status":"open","sticky":false,"template":"","format":"standard","meta":{"_et_pb_use_builder":"","_et_pb_old_content":"","_et_gb_content_width":"","footnotes":""},"categories":[18],"tags":[],"class_list":["post-3281","post","type-post","status-publish","format-standard","has-post-thumbnail","hentry","category-arhivanovosti"],"_links":{"self":[{"href":"https:\/\/hdzi.hr\/wpnew\/index.php?rest_route=\/wp\/v2\/posts\/3281","targetHints":{"allow":["GET"]}}],"collection":[{"href":"https:\/\/hdzi.hr\/wpnew\/index.php?rest_route=\/wp\/v2\/posts"}],"about":[{"href":"https:\/\/hdzi.hr\/wpnew\/index.php?rest_route=\/wp\/v2\/types\/post"}],"author":[{"embeddable":true,"href":"https:\/\/hdzi.hr\/wpnew\/index.php?rest_route=\/wp\/v2\/users\/2"}],"replies":[{"embeddable":true,"href":"https:\/\/hdzi.hr\/wpnew\/index.php?rest_route=%2Fwp%2Fv2%2Fcomments&post=3281"}],"version-history":[{"count":23,"href":"https:\/\/hdzi.hr\/wpnew\/index.php?rest_route=\/wp\/v2\/posts\/3281\/revisions"}],"predecessor-version":[{"id":3352,"href":"https:\/\/hdzi.hr\/wpnew\/index.php?rest_route=\/wp\/v2\/posts\/3281\/revisions\/3352"}],"wp:featuredmedia":[{"embeddable":true,"href":"https:\/\/hdzi.hr\/wpnew\/index.php?rest_route=\/wp\/v2\/media\/3283"}],"wp:attachment":[{"href":"https:\/\/hdzi.hr\/wpnew\/index.php?rest_route=%2Fwp%2Fv2%2Fmedia&parent=3281"}],"wp:term":[{"taxonomy":"category","embeddable":true,"href":"https:\/\/hdzi.hr\/wpnew\/index.php?rest_route=%2Fwp%2Fv2%2Fcategories&post=3281"},{"taxonomy":"post_tag","embeddable":true,"href":"https:\/\/hdzi.hr\/wpnew\/index.php?rest_route=%2Fwp%2Fv2%2Ftags&post=3281"}],"curies":[{"name":"wp","href":"https:\/\/api.w.org\/{rel}","templated":true}]}}