{"id":3565,"date":"2023-02-04T14:11:28","date_gmt":"2023-02-04T14:11:28","guid":{"rendered":"https:\/\/hdzi.hr\/wpnew\/?p=3565"},"modified":"2023-05-15T18:50:53","modified_gmt":"2023-05-15T18:50:53","slug":"izabrano-novo-vodstvo-hdzi-a-2","status":"publish","type":"post","link":"https:\/\/hdzi.hr\/wpnew\/?p=3565","title":{"rendered":"Izabrano novo vodstvo HD\u017dI-a"},"content":{"rendered":"<p><!--more-->Na redovnom izbornom saboru Dru\u0161tva odr\u017eanom 2. velja\u010de 2023. u prostorijama hotela Central u Zagrebu, izabrano je novo vodstvo HD\u017dI-a i doneseni su klju\u010dni planski dokumenti za rad Dru\u0161tva u idu\u0107e dvije godine.<\/p>\n<p>Sabor je zapo\u010deo s radom u 14 sati na kojem je prisustvovalo 25 prijavljenih zastupnika, a dnevni red je bio:<\/p>\n<ol>\n<li>Usvajanje Dnevnog reda<\/li>\n<li>Usvajanje Zapisnika sa sjednice Sabora HD\u017dI u 2021.<\/li>\n<li>Usvajanje Izvje\u0161\u0107a o radu HD\u017dI u 2022.<\/li>\n<li>Usvajanje Zavr\u0161nog ra\u010duna HD\u017dI za 2021.<\/li>\n<li>Usvajanje Financijskog izvje\u0161\u0107a za 2022.<\/li>\n<li>Usvajanje Izvje\u0161\u0107a Nadzornog odbora o poslovanju HD\u017dI u 2022.<\/li>\n<li>Izbor \u010dlanova Programskog vije\u0107a<\/li>\n<li>Izbor \u010dlanova Nadzornog odbora<\/li>\n<li>Razrje\u0161enje dosada\u0161njih \u010dlanova tijela Dru\u0161tva<\/li>\n<li>Dono\u0161enje Programa rada za 2023.<\/li>\n<li>Dono\u0161enje Financijskog plana za 2023.<\/li>\n<li>Imenovanje likvidatora HD\u017dI<\/li>\n<li>Dono\u0161enje Odluke o predstavljanju i zastupanju HD\u017dI<\/li>\n<li>Razno<\/li>\n<\/ol>\n<p>&nbsp;<\/p>\n<p><img loading=\"lazy\" decoding=\"async\" class=\"aligncenter wp-image-3571\" src=\"https:\/\/hdzi.hr\/wpnew\/wp-content\/uploads\/2023\/02\/20230202_141027-scaled-e1675521716562.jpg\" alt=\"\" width=\"722\" height=\"382\" \/><\/p>\n<p>Nakon usvajanja dnevnog reda i Zapisnika sa sjednice Sabora HD\u017dI odr\u017eanog pro\u0161le godine, predsjednik Dru\u0161tva podnio je Izvje\u0161\u0107e o radu HD\u017dI-a u 2022. godini koje je jednoglasno prihva\u0107eno. Financijsko izvje\u0161\u0107e za 2022. i Izvje\u0161\u0107e Nadzornog odbora tako\u0111er su jednoglasno prihva\u0107ena i predstavljen je prijedlog Liste \u010dlanova \u010dlanova za Programsko vije\u0107e i Nadzorni odbor. Prijedlog je, sukladno \u010dl. 26. Statuta HD\u017dI donijelo Programsko vije\u0107e na svojoj 9. sjednici odr\u017eanoj 12. sije\u010dnja 2023.<\/p>\n<p>&nbsp;<\/p>\n<p><img loading=\"lazy\" decoding=\"async\" class=\"aligncenter wp-image-3573\" src=\"https:\/\/hdzi.hr\/wpnew\/wp-content\/uploads\/2023\/02\/20230202_140515-scaled-e1675521525688.jpg\" alt=\"\" width=\"721\" height=\"349\" \/><\/p>\n<p>&nbsp;<\/p>\n<p>Prema prijedlogu, Sabor HD\u017dI izabrao je <strong>Gorana Horvata<\/strong> za predsjednika HD\u017dI-a na jo\u0161 jedan mandat, a za nove \u010dlanove<strong> Programskog vije\u0107a<\/strong>:<\/p>\n<ol>\n<li>\u017deljko Bar\u0161i\u0107<\/li>\n<li>Sonja Cvetkovi\u0107<\/li>\n<li>Mi\u0107o Dujak<\/li>\n<li>Edo Jak\u0161i\u0107<\/li>\n<li>Alen Kri\u017ei\u0107<\/li>\n<li>Snje\u017eana Krznari\u0107<\/li>\n<li>Dean Lali\u0107<\/li>\n<li>Damir Lazor<\/li>\n<li>Lidija Musi\u0107<\/li>\n<li>Janica Pezelj<\/li>\n<li>Tomislav Prpi\u0107<\/li>\n<li>Ivan Ru\u017ei\u0107<\/li>\n<li>\u017deljka Sokolovi\u0107<\/li>\n<li>Ivan Zeku\u0161i\u0107<\/li>\n<\/ol>\n<p>Za \u010dlanove <strong>Nadzornog odbora HD\u017dI<\/strong> izabrani su:<\/p>\n<ol>\n<li>Alen Dujmi\u0107<\/li>\n<li>Branko Korbar \u2013 za predsjednika Nadzornog odbora<\/li>\n<li>Milan Salopek<\/li>\n<\/ol>\n<p>U pauzi nakon to\u010dke 12. dnevnog reda, odr\u017eana je konstituiraju\u0107a sjednica novo izabranog Programskog vije\u0107a na kojem su imenovani:<\/p>\n<p>Tomislav Prpi\u0107 &#8211; za izvr\u0161nog potpredsjednika HD\u017dI<br \/>\nJanica Pezelj &#8211; za tajnicu HD\u017dI<br \/>\nSnje\u017eana Krznari\u0107 &#8211; za glavnu urednicu stru\u010dnog \u010dasopisa<br \/>\n\u017deljka Sokolovi\u0107 &#8211; za \u010dlanicu Izvr\u0161nog odbora<br \/>\nDean Lali\u0107 &#8211; za voditelja Ureda za edukaciju i certifikaciju i \u010dlana Izvr\u0161nog odbora<br \/>\nBranko Korbar &#8211; za koordinatora za EURAIL-ING certificiranje<br \/>\nMarija Horvat- za blagajnicu HD\u017dI<\/p>\n<p>Nakon navedenih imenovanja, Programsko vije\u0107e formiralo je jo\u0161 <strong>Ured za marketing<\/strong> te <strong>Koordinaciju za marketing i nakladni\u0161tvo<\/strong>. Oba ova tijela pokazala su svoju svrsishodnost i u pro\u0161lom sazivu Programskog vije\u0107a, \u0161to je bio motiv za njihovo ponovno formiranje.<\/p>\n<p>Sabor ja zavr\u0161io s radom u 15.30, nakon \u010dega su zastupnici nastavili dru\u017eenje na zajedni\u010dkom ru\u010dku.<\/p>\n<p>&nbsp;<\/p>\n","protected":false},"excerpt":{"rendered":"","protected":false},"author":2,"featured_media":3571,"comment_status":"open","ping_status":"open","sticky":false,"template":"","format":"standard","meta":{"_et_pb_use_builder":"","_et_pb_old_content":"","_et_gb_content_width":"","footnotes":""},"categories":[18],"tags":[],"class_list":["post-3565","post","type-post","status-publish","format-standard","has-post-thumbnail","hentry","category-arhivanovosti"],"_links":{"self":[{"href":"https:\/\/hdzi.hr\/wpnew\/index.php?rest_route=\/wp\/v2\/posts\/3565","targetHints":{"allow":["GET"]}}],"collection":[{"href":"https:\/\/hdzi.hr\/wpnew\/index.php?rest_route=\/wp\/v2\/posts"}],"about":[{"href":"https:\/\/hdzi.hr\/wpnew\/index.php?rest_route=\/wp\/v2\/types\/post"}],"author":[{"embeddable":true,"href":"https:\/\/hdzi.hr\/wpnew\/index.php?rest_route=\/wp\/v2\/users\/2"}],"replies":[{"embeddable":true,"href":"https:\/\/hdzi.hr\/wpnew\/index.php?rest_route=%2Fwp%2Fv2%2Fcomments&post=3565"}],"version-history":[{"count":6,"href":"https:\/\/hdzi.hr\/wpnew\/index.php?rest_route=\/wp\/v2\/posts\/3565\/revisions"}],"predecessor-version":[{"id":3618,"href":"https:\/\/hdzi.hr\/wpnew\/index.php?rest_route=\/wp\/v2\/posts\/3565\/revisions\/3618"}],"wp:featuredmedia":[{"embeddable":true,"href":"https:\/\/hdzi.hr\/wpnew\/index.php?rest_route=\/wp\/v2\/media\/3571"}],"wp:attachment":[{"href":"https:\/\/hdzi.hr\/wpnew\/index.php?rest_route=%2Fwp%2Fv2%2Fmedia&parent=3565"}],"wp:term":[{"taxonomy":"category","embeddable":true,"href":"https:\/\/hdzi.hr\/wpnew\/index.php?rest_route=%2Fwp%2Fv2%2Fcategories&post=3565"},{"taxonomy":"post_tag","embeddable":true,"href":"https:\/\/hdzi.hr\/wpnew\/index.php?rest_route=%2Fwp%2Fv2%2Ftags&post=3565"}],"curies":[{"name":"wp","href":"https:\/\/api.w.org\/{rel}","templated":true}]}}