{"id":3781,"date":"2023-05-15T10:48:32","date_gmt":"2023-05-15T10:48:32","guid":{"rendered":"https:\/\/hdzi.hr\/wpnew\/?p=3781"},"modified":"2023-08-20T15:41:06","modified_gmt":"2023-08-20T15:41:06","slug":"14-generalna-skupstina-ueeiv-a","status":"publish","type":"post","link":"https:\/\/hdzi.hr\/wpnew\/?p=3781","title":{"rendered":"14. Generalna skup\u0161tina UEEIV-a"},"content":{"rendered":"<p><!--more--><\/p>\n<p><strong>Hrvatsko dru\u0161tvo \u017eeljezni\u010dkih in\u017eenjera kao \u010dlan Saveza europskih dru\u0161tava \u017eeljezni\u010dkih in\u017eenjera \u2013 UEEIV, sudjelovalo je na redovnoj 14. Glavnoj skup\u0161tini koja se odr\u017eala u Salzburgu 10. svibnja 2023. Skup\u0161tini su prisustvovali brojni stru\u010dnjaci \u017eeljezni\u010dkog podru\u010dja kao predstavnici svojih udruga koje djeluju u svojstvu stalnih i pridru\u017eenih \u010dlanica UEEIV-a, a HD\u017dI su zastupale Janica Pezelj i Snje\u017eana Krznari\u0107. Prema programu, istog dana odr\u017eana je i 2. sjednica Predsjedni\u0161tva, a zajedni\u010dki glavni cilj sjednice i skup\u0161tine bio je pove\u0107anje vidljivosti UEEIV-a te ja\u010danje me\u0111usobne povezanosti \u010dlanova.<\/strong><\/p>\n<p>Samoj sjednici Predsjedni\u0161tva UEEIV prethodio je zajedni\u010dki obilazak lokalnog \u017eeljezni\u010dkog depoa, radionica i upravlja\u010dkog centra Salzbur\u0161ke lokalne \u017eeljeznice, gdje su sudionici imali priliku saznati korisne informacije o voznom parku i upravljanju prometom te kako se provode i nadziru svakodnevne operacije i procesi na toj lokalnoj \u017eeljeznici.<br \/>\nPo zavr\u0161enom obilasku Salzbur\u0161ke lokalne \u017eeljeznice uslijedila je redovna sjednica Predsjedni\u0161tva UEEIV u hotelu Dorint koju je s \u010dlanovima Predsjedni\u0161tva vodio predsjednik Olaf Scholtz-Knobloch. Potvr\u0111ivanjem kvoruma sudjeluju\u0107ih sudionika i usvajanjem dnevnog reda sjednice nastavilo se s regularnim radom Predsjedni\u0161tva kroz slijede\u0107e klju\u010dne aktivnosti: potvr\u0111ivanje termina svih zna\u010dajnih doga\u0111anja planiranih tijekom 2023\/2024 , definiranje koncepta glavne skup\u0161tine i financijskog plana, podjelu zadataka za kontaktiranje potencijalnih potpornih \u010dlanica i udruga \u010dlanica, stvaranje baze stru\u010dnjaka za \u017eeljeznicu na web stranici te napredovanje aktivnosti u organizaciji budu\u0107eg certificiranja sistemskog in\u017eenjeringa.<\/p>\n<div id=\"attachment_3785\" style=\"width: 535px\" class=\"wp-caption aligncenter\"><img loading=\"lazy\" decoding=\"async\" aria-describedby=\"caption-attachment-3785\" class=\"wp-image-3785\" src=\"https:\/\/hdzi.hr\/wpnew\/wp-content\/uploads\/2023\/05\/UEEIV-4-scaled.jpg\" alt=\"\" width=\"525\" height=\"358\" \/><p id=\"caption-attachment-3785\" class=\"wp-caption-text\">Predsjednik UEEIV-a Olaf Scholtz-Knobloch<\/p><\/div>\n<p>Predsjedni\u0161tvo je nastavilo s radom na 14. Glavnoj skup\u0161tini gdje su se priklju\u010dili predstavnici udruga \u010dlanica. Nakon obra\u0107anja i uvodnog izlaganja predsjednika Olafa Scholtza-Knoblocha, usvojeni su Zapisnik sa zadnje godi\u0161nje skup\u0161tine odr\u017eane 01.06.2022. godine u M\u00fcnsteru i Izvje\u0161\u0107e o radu Predsjedni\u0161tva za 2022. godinu. Prezentirane su aktivnosti tijekom posljednjih 12 mjeseci, me\u0111u kojima je istaknuta uspje\u0161nost organizacije online webinara Railway Talk na kojem je prisustvovalo preko 180 sudionika te su najavljeni planirane aktivnosti koje bi trebale dati vi\u0161e koristi \u010dlanovima dru\u0161tava okupljenih oko UEEIV-a. Od \u010dlanova je zatra\u017eeno aktivnije sudjelovanje u organizaciji webinara te davanje prijedloga novih tema.<br \/>\nU izno\u0161enju plana rada za naredno razdoblje Manfred Kehr je istaknuo kako je fokus stavljen na promociju i daljnje razvijanje certificiranja in\u017eenjera te pro\u0161irenje potencijalnog \u010dlanstva diljem Europe, a naro\u010dito na u\u010dlanjenje \u017eeljezni\u010dkih stru\u010dnjaka mla\u0111e dobne strukture.<\/p>\n<div id=\"attachment_3786\" style=\"width: 523px\" class=\"wp-caption aligncenter\"><img loading=\"lazy\" decoding=\"async\" aria-describedby=\"caption-attachment-3786\" class=\"wp-image-3786\" src=\"https:\/\/hdzi.hr\/wpnew\/wp-content\/uploads\/2023\/05\/UEEIV-10-scaled.jpg\" alt=\"\" width=\"513\" height=\"348\" \/><p id=\"caption-attachment-3786\" class=\"wp-caption-text\">Dipl.Ing.Dr. techn. Bernhard Knoll<\/p><\/div>\n<p>Bernhard Knoll razlo\u017eio je financijsko izvje\u0161\u0107e za 2022. godinu isti\u010du\u0107i kako je rad u protekoj godini bio vrlo izazovan, ali kako su se i tijekom pandemije provodile intenzivne marketin\u0161ke aktivnosti. Daljnji rad Unije bit \u0107e usmjeren na postizanje temeljnih ciljeva, a to su ja\u010danje polo\u017eaja in\u017eenjera \u017eeljezni\u010dkih sustava kroz certificiranje i promoviranje partnerstva s in\u017eenjerskim tvrtkama i dru\u0161tvima. Provedba certificiranja je financijski zahtjevna, ali zna\u010daj certificiranja \u017eeljezni\u010dkog kadra se odra\u017eava u u\u010dinkovitosti i konkurentnosti na tr\u017ei\u0161tu rada koja se posti\u017eu jedino kroz educiranost. Potencijalnim podupiru\u0107im \u010dlanicama se kroz me\u0111usobnu suradnju i sudjelovanje u doga\u0111anjima daje mogu\u0107nost razmjene znanja i informacija izme\u0111u \u017eeljeznica, znanstvenih institucija i industrije koja prati \u017eeljeznice.<\/p>\n<p><img loading=\"lazy\" decoding=\"async\" class=\"aligncenter wp-image-3787\" src=\"https:\/\/hdzi.hr\/wpnew\/wp-content\/uploads\/2023\/05\/UEEIV-11-scaled.jpg\" alt=\"\" width=\"523\" height=\"392\" \/><\/p>\n<p>Poslije izlaganja usvojena su sva izvje\u0161\u0107a: financijsko, blagajni\u010dko i nadzorno, nakon \u010dega je Olaf Scholtz-Knobloch nastavio svoje izlaganje o pro\u0161logodi\u0161njem djelovanju Unije kroz aktivnosti putem suvremenih medija, hibridnih konferencija i novih aplikacija na web stranici, naglasiv\u0161i koliko je za svaku \u010dlanicu Unije bitno aktivno sudjelovanje u doga\u0111anjima drugih \u010dlanica i isticanje aktivnosti na svojim web stranicama. Sve prisutne je podsjetio da trenutno samo nekoliko \u010dlanica me\u0111u kojima je i na\u0161e Dru\u0161tvo, ima na svojim stranicama istaknutu vidljivost UEEIV-a. Uklju\u010dio se Bernhard Knoll i dodatno se osvrnuo na pozitivan marketin\u0161ki rezultat koji je Unija ostvarila na Innotransu u Berlinu pro\u0161le godine i svojim kreiranim profilom na LinkedIn-u. Najavljen je novi model za \u010dlanice s ciljem postizanja ve\u0107e vidljivosti djelovanja UEEIV-a kroz privla\u010dnije dizajniranje sadr\u017eaja po\u010detne web stranice s poveznicama kako bi se istaknulo partnerstvo u Uniji.<br \/>\nNa kraju skup\u0161tine J\u00fcrgen Murach se osvrnuo na projekte Trans Europe Network i CONNECT2CE, a zadnje izlaganje je imala Medeleine Coyle predstavljaju\u0107i sudionicima svoj anga\u017eman u radu sekcije mladih in\u017eenjera Unije.<\/p>\n<p>Predstavnice HD\u017dI-a su s \u010dlanovima UEEIV-a i neformalno razgovarale o djelovanju na\u0161eg Dru\u0161tva, podijelila svoja pozitivna iskustva o realizaciji projekta Akademija 21 te predstavile stru\u010dni \u010dasopis \u017deljeznice 21 i tiskanu Monografiju koja prikazuje 30 godina postojanja i djelovanja HD\u017dI. Va\u017eno je istaknuti kako je predsjednik Olaf Scholtz-Knobloch ocijenio rad HD\u017dI-a izuzetno vrijednim, koji bi mogao poslu\u017eiti kao primjer drugim in\u017eenjerskim dru\u0161tvima, \u010dime se osobito ponosimo.<\/p>\n","protected":false},"excerpt":{"rendered":"","protected":false},"author":2,"featured_media":402,"comment_status":"open","ping_status":"open","sticky":false,"template":"","format":"standard","meta":{"_et_pb_use_builder":"","_et_pb_old_content":"","_et_gb_content_width":"","footnotes":""},"categories":[18],"tags":[],"class_list":["post-3781","post","type-post","status-publish","format-standard","has-post-thumbnail","hentry","category-arhivanovosti"],"_links":{"self":[{"href":"https:\/\/hdzi.hr\/wpnew\/index.php?rest_route=\/wp\/v2\/posts\/3781","targetHints":{"allow":["GET"]}}],"collection":[{"href":"https:\/\/hdzi.hr\/wpnew\/index.php?rest_route=\/wp\/v2\/posts"}],"about":[{"href":"https:\/\/hdzi.hr\/wpnew\/index.php?rest_route=\/wp\/v2\/types\/post"}],"author":[{"embeddable":true,"href":"https:\/\/hdzi.hr\/wpnew\/index.php?rest_route=\/wp\/v2\/users\/2"}],"replies":[{"embeddable":true,"href":"https:\/\/hdzi.hr\/wpnew\/index.php?rest_route=%2Fwp%2Fv2%2Fcomments&post=3781"}],"version-history":[{"count":5,"href":"https:\/\/hdzi.hr\/wpnew\/index.php?rest_route=\/wp\/v2\/posts\/3781\/revisions"}],"predecessor-version":[{"id":3795,"href":"https:\/\/hdzi.hr\/wpnew\/index.php?rest_route=\/wp\/v2\/posts\/3781\/revisions\/3795"}],"wp:featuredmedia":[{"embeddable":true,"href":"https:\/\/hdzi.hr\/wpnew\/index.php?rest_route=\/wp\/v2\/media\/402"}],"wp:attachment":[{"href":"https:\/\/hdzi.hr\/wpnew\/index.php?rest_route=%2Fwp%2Fv2%2Fmedia&parent=3781"}],"wp:term":[{"taxonomy":"category","embeddable":true,"href":"https:\/\/hdzi.hr\/wpnew\/index.php?rest_route=%2Fwp%2Fv2%2Fcategories&post=3781"},{"taxonomy":"post_tag","embeddable":true,"href":"https:\/\/hdzi.hr\/wpnew\/index.php?rest_route=%2Fwp%2Fv2%2Ftags&post=3781"}],"curies":[{"name":"wp","href":"https:\/\/api.w.org\/{rel}","templated":true}]}}