{"id":93,"date":"2017-09-26T08:07:30","date_gmt":"2017-09-26T08:07:30","guid":{"rendered":"https:\/\/hdzi.hr\/wpnew\/wp\/2017\/09\/26\/sastanak-s-clanovima-hdzi-a-u-ogulinu\/"},"modified":"2017-09-26T08:07:30","modified_gmt":"2017-09-26T08:07:30","slug":"sastanak-s-clanovima-hdzi-a-u-ogulinu","status":"publish","type":"post","link":"https:\/\/hdzi.hr\/wpnew\/?p=93","title":{"rendered":"Sastanak s \u010dlanovima HD\u017dI-a u Ogulinu"},"content":{"rendered":"<p>Na inicijativu Vedranka Brozovi\u0107a, povjerenika u Povjereni\u0161tvu Ogulin, te Milana Salopeka, \u010dlana Programskog vije\u0107a HD\u017dI-a, dana 21. lipnja ove godine organiziran je sastanak i dru\u017eenje \u010dlanova Izvr\u0161nog odbora i \u010dlanova HD\u017dI-a iz povjereni\u0161tava Ogulin, Rijeka i Pula. Svrha toga sastanka bila je informiranje \u010dlanstva o djelovanju Dru\u0161tva u prvoj polovini teku\u0107e godine te o programskim aktivnostima u drugome dijelu godine. Delegaciju Izvr\u0161nog odbora predstavljali su \u017deljka Sokolovi\u0107, Tomislav Prpi\u0107, Marinko Popovi\u0107 i Ivan Ru\u017ei\u0107. Izvr\u0161ni potpredsjednik Prpi\u0107 izvijestio je nazo\u010dne o financijskoj situaciji Dru\u0161tva koja je stabilna, no najvi\u0161e upita bilo je vezano uz programske aktivnosti. I nakon sastanka, uz neslu\u017ebeno dru\u017eenje, nastavljeni su razgovori o Dru\u0161tvu i nacionalnome \u017eeljezni\u010dkom sustavu, \u0161to ukazuje na to da postoji velika potreba \u010dlanstva na terenu za izravnim informiranjem i raspravom o stru\u010dnim pitanjima. Nazo\u010dni \u010dlanovi Izvr\u0161nog odbora preuzeli su obvezu da \u0107e poku\u0161ati organizirati \u0161to vi\u0161e takvih zajedni\u010dkih dru\u017eenja u budu\u0107nosti jer to je jedini na\u010din odr\u017eavanja kvalitetnog kontakta s \u010dlanstvom. Na kraju potrebno je naglasiti to kako su \u010dlanovi Povjereni\u0161tva Ogulin taj sastanak organizirali izuzetno dobro te su se po tko zna koji put pokazali kao izvanredni doma\u0107ini.\u00a0\u00a0<\/p>\n","protected":false},"excerpt":{"rendered":"<p>Na inicijativu Vedranka Brozovi\u0107a, povjerenika u Povjereni\u0161tvu Ogulin, te Milana Salopeka, \u010dlana Programskog vije\u0107a HD\u017dI-a, dana 21. lipnja ove godine organiziran je sastanak i dru\u017eenje \u010dlanova Izvr\u0161nog odbora i \u010dlanova HD\u017dI-a iz povjereni\u0161tava Ogulin, Rijeka i Pula. Svrha toga sastanka bila je informiranje \u010dlanstva o djelovanju Dru\u0161tva u prvoj polovini teku\u0107e godine te o programskim [&hellip;]<\/p>\n","protected":false},"author":1,"featured_media":0,"comment_status":"open","ping_status":"open","sticky":false,"template":"","format":"standard","meta":{"_et_pb_use_builder":"","_et_pb_old_content":"","_et_gb_content_width":"","footnotes":""},"categories":[18],"tags":[],"class_list":["post-93","post","type-post","status-publish","format-standard","hentry","category-arhivanovosti"],"_links":{"self":[{"href":"https:\/\/hdzi.hr\/wpnew\/index.php?rest_route=\/wp\/v2\/posts\/93","targetHints":{"allow":["GET"]}}],"collection":[{"href":"https:\/\/hdzi.hr\/wpnew\/index.php?rest_route=\/wp\/v2\/posts"}],"about":[{"href":"https:\/\/hdzi.hr\/wpnew\/index.php?rest_route=\/wp\/v2\/types\/post"}],"author":[{"embeddable":true,"href":"https:\/\/hdzi.hr\/wpnew\/index.php?rest_route=\/wp\/v2\/users\/1"}],"replies":[{"embeddable":true,"href":"https:\/\/hdzi.hr\/wpnew\/index.php?rest_route=%2Fwp%2Fv2%2Fcomments&post=93"}],"version-history":[{"count":0,"href":"https:\/\/hdzi.hr\/wpnew\/index.php?rest_route=\/wp\/v2\/posts\/93\/revisions"}],"wp:attachment":[{"href":"https:\/\/hdzi.hr\/wpnew\/index.php?rest_route=%2Fwp%2Fv2%2Fmedia&parent=93"}],"wp:term":[{"taxonomy":"category","embeddable":true,"href":"https:\/\/hdzi.hr\/wpnew\/index.php?rest_route=%2Fwp%2Fv2%2Fcategories&post=93"},{"taxonomy":"post_tag","embeddable":true,"href":"https:\/\/hdzi.hr\/wpnew\/index.php?rest_route=%2Fwp%2Fv2%2Ftags&post=93"}],"curies":[{"name":"wp","href":"https:\/\/api.w.org\/{rel}","templated":true}]}}